{"id":899,"date":"2018-09-11T14:49:40","date_gmt":"2018-09-11T14:49:40","guid":{"rendered":"http:\/\/www.fisiveneto.com\/?p=899"},"modified":"2018-09-11T14:49:40","modified_gmt":"2018-09-11T14:49:40","slug":"finali-di-coppa-a-sauris","status":"publish","type":"post","link":"https:\/\/comitati.fisi.org\/veneto\/blog\/2018\/09\/11\/finali-di-coppa-a-sauris\/","title":{"rendered":"Finali di Coppa a Sauris"},"content":{"rendered":"\n<p style=\"font-size:24px\"><strong>Cinque veneti in azzurro<\/strong><\/p>\n\n\n\n<div class=\"wp-block-image\"><figure class=\"aligncenter\"><img decoding=\"async\" src=\"http:\/\/www.fisiveneto.com\/wp-content\/uploads\/2018\/09\/IMG_20180909_124522.jpg\" alt=\"\" class=\"wp-image-842\" \/><\/figure><\/div>\n\n\n\n<p class=\"has-small-font-size\">\n\nLa Coppa del mondo di sci d&#8217;erba arriva alla resa dei conti sulla pista friulana di Sauris, dove si disputano nel fine settimana le finali. In programma gioved\u00ec 13 settembre i giganti, seguiti venerd\u00ec 14 agli slalom, mentre sabato 15 sono previste le supercombinate e domenica 16 settembre i supergiganti. L&#8217;Italia si presenta alle gare di casa sulla scorta di ben 14 podi complessivi (di cui nove successi) e soprattutto con la grande opportunit\u00e0 di mettere i propri uomini nelle zone altissime della classifica finale. Edoardo Frau comanda la generale maschile con 87 punti di vantaggio sullo svizzero Mikro Hueppi: il veneto \u00e8 vicinissimo al sesto trionfo della carriera ed \u00e8 pure in ottima posizione per aggiudicarsi le graduatorie di gigante, supergigante e supercombinata. Lorenzo Gritti invece \u00e8 secondo in quella slalom, terzo in supercombinata e quarto nella generale. In campo femminile Ambra Gasperi \u00e8 quarta nella generale e terza in gigante, mentre Antonella Manzoni \u00e8 quarta in supergigante.<\/p>\n\n\n\n<p>Ma ecco l&#8217;elenco degli azzurri iscritti alle competizioni: Daniele Buio, Marco Combi, Nicol\u00f2 Schiavetti, Nicholas Anziutti, Fiippo Zmaboni, Edoardo Frau, Matteo Battocchi, Alessandro Martinelli, Alberto Bleynat, Mattia Arrigoni, Lorenzo Gritti, Nicol\u00f2 Libardoni, Marco Milesi,\u00a0<strong>Jacopo Facchin<\/strong>,\u00a0<strong>Davide Saviane<\/strong>,\u00a0<strong>Tommaso Reghin<\/strong>, Andrea Binelli, Antonella Manzoni,\u00a0<strong>Monica Ferrighetto<\/strong>, Federica Milesi,\u00a0<strong>Margherita Mazzoncini<\/strong>, Chiara Milesi e Ambra Gasperi. Presenti il direttore tecnico Armando Calvetti e i tecnici\u00a0<strong>Fausto Cerentin<\/strong>\u00a0e Roberto Parisi.<\/p>\n\n\n\n<p>Il programma delle gare di Sauris (Ud):<br \/>Gioved\u00ec 13 settembre &#8211; GS maschile e femminile &#8211; ore 10.45 e 13.00<br \/>Venerd\u00ec 14 settembre &#8211; SL maschile e femminile &#8211; ore 10.45 e 13.00<br \/>Sabato 15 settembre &#8211; SC maschile e femminile &#8211; ore 10.15 e 14.00<br \/>Domenica 16 settembre &#8211; SG maschile e femminile &#8211; ore 10.45<\/p>\n\n\n\n<p>Classifica Cdm maschile generale:<br \/>1. Edoardo Frau (Ita) 895<br \/>2. Mirko Hueppi (Svi) 807<br \/>3. Martin Bartak (Cze) 720<\/p>\n\n\n\n<p>4. Lorenzo Gritti (Ita) 615<br \/>7. Pietro Guerini (Ita) 377<\/p>\n\n\n\n<p>Classifica Cdm slalom maschile:<br \/>1. Mirko Hueppi (Svi) 310<br \/>2. Lorenzo Gritti (Ita) 300<br \/>3. Martin Bartak (Cze) 220<\/p>\n\n\n\n<p>6. Edoardo Frau (Ita) 135<br \/>8. Pietro Gierini (Ita) 113<\/p>\n\n\n\n<p>Classifica Cdm gigante maschile:<br \/>1. Edoardo Frau (Ita) 380<br \/>2. Martin Bartak (Cze) 280<br \/>3. Hannes Angerer (Ger) 245<\/p>\n\n\n\n<p>6. Lorenzo Gritti (Ita) 155<br \/>9. Pietro Guerini (Ita) 97<\/p>\n\n\n\n<p>Classifica Cdm supercombinata maschile:<br \/>1. Edoardo Frau (Ita) 180<br \/>2. Mirko Hueppi (Svi) 160<br \/>3. Lorenzo Gritti (Ita) 95<\/p>\n\n\n\n<p>7. Pietro Guerini (Ita) 72<\/p>\n\n\n\n<p>Classifica Cdm supergigante maschile:<br \/>1. Edoardo Frau (Ita) 180<br \/>2. Mirko Hueppi (Svi) 160<br \/>3. Martin Bartak (Cze) 80<\/p>\n\n\n\n<p>4. Pietro Guerini (Ita) 95<br \/>7. Lorenzo Gritti (Ita) 65<\/p>\n\n\n\n<p>Classifica Cdm femminile generale:<br \/>1. Kristin Hetfleisch (Aut) 1030<br \/>2. Jacqueline Gerlach (Aut) 885<br \/>3. Lisa Wusits (Aut) 445<\/p>\n\n\n\n<p>4. Ambra Gasperi (Ita) 310<br \/>8. Antonella Manzoni (Ita) 260<\/p>\n\n\n\n<p>Classifica Cdm slalom femminile:<br \/>1. Kristin Hetfleisch (Aut) 330<br \/>2. Lisa Wusits (Aut) 245<br \/>3. Jacqueline Gerlach (Aut) 220\u00a0<\/p>\n\n\n\n<p>6. Ambra Gasperi (Ita) 102<br \/>7. Antonella Manzoni (Ita) 90<\/p>\n\n\n\n<p>Classifica Cdm gigante femminile:<br \/>1. Kristin Hetfleisch (Aut) 340<br \/>2. Jacqueline Gerlach (Aut) 305<br \/>3. Ambra Gasperi (Ita) 118\u00a0<\/p>\n\n\n\n<p>Classifica Cdm supercombinata femminile:<br \/>1. Kristin Hetfleisch (Aut) 180<br \/>1. Jacqueline Gerlach (Aut) 180<br \/>3. Dominika Dudikova (Cze) 85<\/p>\n\n\n\n<p>6. Antonella Manzoni (Ita) 50<br \/>8. Ambra Gasperi (Ita) 45\u00a0<\/p>\n\n\n\n<p>Classifica Cdm supergigante femminile:<br \/>1. Kristin Hetfleisch (Aut) 180<br \/>1. Jacqueline Gerlach (Aut) 180<br \/>3. Dominika Dudikova (Cze) 69<\/p>\n\n\n\n<p>4. Antonella Manzoni (Ita) 60<br \/>8. Ambra Gasperi (Ita) 45\n\n<\/p>\n\n\n","protected":false},"excerpt":{"rendered":"<p>Cinque veneti in azzurro La Coppa del mondo di sci d&#8217;erba arriva alla resa dei conti sulla pista friulana di Sauris, dove si disputano nel fine settimana le finali. In programma gioved\u00ec 13 settembre i giganti, seguiti venerd\u00ec 14 agli slalom, mentre sabato 15 sono previste le supercombinate e domenica 16 settembre i supergiganti. L&#8217;Italia si presenta alle gare di&hellip;<\/p>\n","protected":false},"author":4,"featured_media":849,"comment_status":"open","ping_status":"open","sticky":false,"template":"","format":"standard","meta":{"_acf_changed":false,"footnotes":""},"categories":[9,10,252],"tags":[],"acf":[],"_links":{"self":[{"href":"https:\/\/comitati.fisi.org\/veneto\/wp-json\/wp\/v2\/posts\/899"}],"collection":[{"href":"https:\/\/comitati.fisi.org\/veneto\/wp-json\/wp\/v2\/posts"}],"about":[{"href":"https:\/\/comitati.fisi.org\/veneto\/wp-json\/wp\/v2\/types\/post"}],"author":[{"embeddable":true,"href":"https:\/\/comitati.fisi.org\/veneto\/wp-json\/wp\/v2\/users\/4"}],"replies":[{"embeddable":true,"href":"https:\/\/comitati.fisi.org\/veneto\/wp-json\/wp\/v2\/comments?post=899"}],"version-history":[{"count":0,"href":"https:\/\/comitati.fisi.org\/veneto\/wp-json\/wp\/v2\/posts\/899\/revisions"}],"wp:featuredmedia":[{"embeddable":true,"href":"https:\/\/comitati.fisi.org\/veneto\/wp-json\/wp\/v2\/media\/849"}],"wp:attachment":[{"href":"https:\/\/comitati.fisi.org\/veneto\/wp-json\/wp\/v2\/media?parent=899"}],"wp:term":[{"taxonomy":"category","embeddable":true,"href":"https:\/\/comitati.fisi.org\/veneto\/wp-json\/wp\/v2\/categories?post=899"},{"taxonomy":"post_tag","embeddable":true,"href":"https:\/\/comitati.fisi.org\/veneto\/wp-json\/wp\/v2\/tags?post=899"}],"curies":[{"name":"wp","href":"https:\/\/api.w.org\/{rel}","templated":true}]}}