{"id":895,"date":"2018-09-10T13:58:48","date_gmt":"2018-09-10T13:58:48","guid":{"rendered":"http:\/\/www.fisiveneto.com\/?p=895"},"modified":"2018-09-10T13:58:48","modified_gmt":"2018-09-10T13:58:48","slug":"raduno-ad-anterselva-per-il-biathlon","status":"publish","type":"post","link":"https:\/\/comitati.fisi.org\/veneto\/blog\/2018\/09\/10\/raduno-ad-anterselva-per-il-biathlon\/","title":{"rendered":"Raduno ad Anterselva per il biathlon"},"content":{"rendered":"\n<p class=\"has-small-font-size\">\n\nProficuo lavoro dal 5 al 9 settembre per le ragazze e i ragazzi del biathlon regionale ad Antholz &#8211; Anterselva.\u00a0<br \/>La localit\u00e0 sudtirolese \u00e8 ormai familiare per gli atleti veneti del fondo pi\u00f9 tiro che la frequentano dal 2006 con un raduno a fine estate che serve per fare gruppo e per mettere le basi della stagione invernale.\u00a0<br \/>Corsa, roller e tiro sono stati gli ingredienti delle intense giornate di lavoro coordinate dai tecnici Pierino Fontana Hoffer, Mauro Pesavento, Gregor Gombac, Maria Rosa Mo\u00e8 e Melissa Murer.<br \/>Sono state inoltre effettuate delle sedute specifiche sulla forza con il supporto del preparatore atletico Alessandro Bolzan<br \/>Definiti i prossimi appuntamenti della preparazione collettiva: a fine settembre le squadre regionali torneranno ad Anterselva per dei test specifici sul tiro, con il supporto del Tsn di Vittorio Veneto, mentre a met\u00e0 ottobre ci sar\u00e0 un collegiale ad Asiago.\n\n<\/p>\n\n\n\n<div class=\"wp-block-image\"><figure class=\"aligncenter\"><img loading=\"lazy\" decoding=\"async\" width=\"500\" height=\"375\" src=\"http:\/\/comitati.fisi.org\/veneto\/wp-content\/uploads\/sites\/39\/2018\/09\/anterselva_set_2018_biathlon_fisi_veneto.jpg\" alt=\"\" class=\"wp-image-896\" srcset=\"https:\/\/comitati.fisi.org\/veneto\/wp-content\/uploads\/sites\/39\/2018\/09\/anterselva_set_2018_biathlon_fisi_veneto.jpg 500w, https:\/\/comitati.fisi.org\/veneto\/wp-content\/uploads\/sites\/39\/2018\/09\/anterselva_set_2018_biathlon_fisi_veneto-300x225.jpg 300w\" sizes=\"(max-width: 500px) 100vw, 500px\" \/><\/figure><\/div>\n\n\n","protected":false},"excerpt":{"rendered":"<p>Proficuo lavoro dal 5 al 9 settembre per le ragazze e i ragazzi del biathlon regionale ad Antholz &#8211; Anterselva.\u00a0La localit\u00e0 sudtirolese \u00e8 ormai familiare per gli atleti veneti del fondo pi\u00f9 tiro che la frequentano dal 2006 con un raduno a fine estate che serve per fare gruppo e per mettere le basi della stagione invernale.\u00a0Corsa, roller e tiro&hellip;<\/p>\n","protected":false},"author":4,"featured_media":896,"comment_status":"open","ping_status":"open","sticky":false,"template":"","format":"standard","meta":{"_acf_changed":false,"footnotes":""},"categories":[9,23,208,544],"tags":[],"acf":[],"_links":{"self":[{"href":"https:\/\/comitati.fisi.org\/veneto\/wp-json\/wp\/v2\/posts\/895"}],"collection":[{"href":"https:\/\/comitati.fisi.org\/veneto\/wp-json\/wp\/v2\/posts"}],"about":[{"href":"https:\/\/comitati.fisi.org\/veneto\/wp-json\/wp\/v2\/types\/post"}],"author":[{"embeddable":true,"href":"https:\/\/comitati.fisi.org\/veneto\/wp-json\/wp\/v2\/users\/4"}],"replies":[{"embeddable":true,"href":"https:\/\/comitati.fisi.org\/veneto\/wp-json\/wp\/v2\/comments?post=895"}],"version-history":[{"count":0,"href":"https:\/\/comitati.fisi.org\/veneto\/wp-json\/wp\/v2\/posts\/895\/revisions"}],"wp:featuredmedia":[{"embeddable":true,"href":"https:\/\/comitati.fisi.org\/veneto\/wp-json\/wp\/v2\/media\/896"}],"wp:attachment":[{"href":"https:\/\/comitati.fisi.org\/veneto\/wp-json\/wp\/v2\/media?parent=895"}],"wp:term":[{"taxonomy":"category","embeddable":true,"href":"https:\/\/comitati.fisi.org\/veneto\/wp-json\/wp\/v2\/categories?post=895"},{"taxonomy":"post_tag","embeddable":true,"href":"https:\/\/comitati.fisi.org\/veneto\/wp-json\/wp\/v2\/tags?post=895"}],"curies":[{"name":"wp","href":"https:\/\/api.w.org\/{rel}","templated":true}]}}