{"id":832,"date":"2018-09-05T17:27:03","date_gmt":"2018-09-05T17:27:03","guid":{"rendered":"http:\/\/www.fisiveneto.com\/?p=832"},"modified":"2018-09-05T17:27:03","modified_gmt":"2018-09-05T17:27:03","slug":"tricolori-di-tambre","status":"publish","type":"post","link":"https:\/\/comitati.fisi.org\/veneto\/blog\/2018\/09\/05\/tricolori-di-tambre\/","title":{"rendered":"Tricolori di Tambre"},"content":{"rendered":"\n<div class=\"wp-block-image\"><figure class=\"aligncenter\"><img loading=\"lazy\" decoding=\"async\" width=\"400\" height=\"266\" src=\"http:\/\/comitati.fisi.org\/veneto\/wp-content\/uploads\/sites\/39\/2018\/09\/fausto_cerentin_vittoria_mondiale_gigante_tambre_5_set_2015.jpg\" alt=\"\" class=\"wp-image-833\" srcset=\"https:\/\/comitati.fisi.org\/veneto\/wp-content\/uploads\/sites\/39\/2018\/09\/fausto_cerentin_vittoria_mondiale_gigante_tambre_5_set_2015.jpg 400w, https:\/\/comitati.fisi.org\/veneto\/wp-content\/uploads\/sites\/39\/2018\/09\/fausto_cerentin_vittoria_mondiale_gigante_tambre_5_set_2015-300x200.jpg 300w\" sizes=\"(max-width: 400px) 100vw, 400px\" \/><\/figure><\/div>\n\n\n\n<p class=\"has-small-font-size\">\n\nCambio di programma per i Campionati italiani assoluti di Tambre. Le gare non si disputeranno pi\u00f9 su tre giornate ma solamente su due. Non si garegger\u00e0 al venerd\u00ec ma sabato 8 e domenica 9 settembre. Nella giornata di sabato si disputeranno lo slalom al mattino e il superG al pomeriggio, mentre la domenica sar\u00e0 dedicata al gigante. Di scena anche le finali del Talento Verde. Da sottolineare, in pi\u00f9, per domenica, alle 11, la disputa di &#8220;All together&#8221;, dimostrazione di sci d&#8217;erba con persone diversamente abili.\u00a0<br \/>Nella localit\u00e0 bellunese in questi giorni si stanno allenando gli azzurri ma anche due nazionali straniere: Iran e Repubblica Ceca.\n\n<\/p>\n\n\n","protected":false},"excerpt":{"rendered":"<p>Cambio di programma per i Campionati italiani assoluti di Tambre. Le gare non si disputeranno pi\u00f9 su tre giornate ma solamente su due. Non si garegger\u00e0 al venerd\u00ec ma sabato 8 e domenica 9 settembre. Nella giornata di sabato si disputeranno lo slalom al mattino e il superG al pomeriggio, mentre la domenica sar\u00e0 dedicata al gigante. Di scena anche&hellip;<\/p>\n","protected":false},"author":4,"featured_media":833,"comment_status":"open","ping_status":"open","sticky":false,"template":"","format":"standard","meta":{"_acf_changed":false,"footnotes":""},"categories":[356,14,252],"tags":[],"acf":[],"_links":{"self":[{"href":"https:\/\/comitati.fisi.org\/veneto\/wp-json\/wp\/v2\/posts\/832"}],"collection":[{"href":"https:\/\/comitati.fisi.org\/veneto\/wp-json\/wp\/v2\/posts"}],"about":[{"href":"https:\/\/comitati.fisi.org\/veneto\/wp-json\/wp\/v2\/types\/post"}],"author":[{"embeddable":true,"href":"https:\/\/comitati.fisi.org\/veneto\/wp-json\/wp\/v2\/users\/4"}],"replies":[{"embeddable":true,"href":"https:\/\/comitati.fisi.org\/veneto\/wp-json\/wp\/v2\/comments?post=832"}],"version-history":[{"count":0,"href":"https:\/\/comitati.fisi.org\/veneto\/wp-json\/wp\/v2\/posts\/832\/revisions"}],"wp:featuredmedia":[{"embeddable":true,"href":"https:\/\/comitati.fisi.org\/veneto\/wp-json\/wp\/v2\/media\/833"}],"wp:attachment":[{"href":"https:\/\/comitati.fisi.org\/veneto\/wp-json\/wp\/v2\/media?parent=832"}],"wp:term":[{"taxonomy":"category","embeddable":true,"href":"https:\/\/comitati.fisi.org\/veneto\/wp-json\/wp\/v2\/categories?post=832"},{"taxonomy":"post_tag","embeddable":true,"href":"https:\/\/comitati.fisi.org\/veneto\/wp-json\/wp\/v2\/tags?post=832"}],"curies":[{"name":"wp","href":"https:\/\/api.w.org\/{rel}","templated":true}]}}