{"id":815,"date":"2018-09-04T15:08:11","date_gmt":"2018-09-04T15:08:11","guid":{"rendered":"http:\/\/www.fisiveneto.com\/?p=815"},"modified":"2018-09-04T15:08:11","modified_gmt":"2018-09-04T15:08:11","slug":"raduno-ad-anterselva-per-i-biathleti-del-comitato","status":"publish","type":"post","link":"https:\/\/comitati.fisi.org\/veneto\/blog\/2018\/09\/04\/raduno-ad-anterselva-per-i-biathleti-del-comitato\/","title":{"rendered":"Raduno ad Anterselva per i biathleti del comitato"},"content":{"rendered":"\n<div class=\"wp-block-image\"><figure class=\"aligncenter\"><img loading=\"lazy\" decoding=\"async\" width=\"400\" height=\"266\" src=\"http:\/\/comitati.fisi.org\/veneto\/wp-content\/uploads\/sites\/39\/2018\/09\/summer_biatlon_longarone_3_set_2016.jpg\" alt=\"\" class=\"wp-image-816\" srcset=\"https:\/\/comitati.fisi.org\/veneto\/wp-content\/uploads\/sites\/39\/2018\/09\/summer_biatlon_longarone_3_set_2016.jpg 400w, https:\/\/comitati.fisi.org\/veneto\/wp-content\/uploads\/sites\/39\/2018\/09\/summer_biatlon_longarone_3_set_2016-300x200.jpg 300w\" sizes=\"(max-width: 400px) 100vw, 400px\" \/><\/figure><\/div>\n\n\n\n<p class=\"has-small-font-size\">\n\nDa domani, mercoled\u00ec 5, a sabato 8 settembre si svolger\u00e0 il tradizionale raduno di fine estate ad Anterselva per il biathlon regionale.<br \/>Nella localit\u00e0 altoatesina saranno presenti 26 atleti: Federico Sansoni, Matteo Finco, Jacopo Stella, Nicole Troi, Valentina De Riva, Isabel Kerer, Maddalena Ballan, Samuel Da Col, Giulio Troi, Jacopo Pizzolotto, Milton Moglia, Elena Alver\u00e0, Lara Siorpaes, Giada Costantin, Martina Olivier, Chiara Piccolin, Giulia Rossi, Martino Busin, Federico Milani, Bettina Bortoli, Sebastiano Cagnati, Vanessa Cagnati, Francesca Olivier, Davide Mancin Majoni e Andrea Osta. I tecnici saranno Pierino Fontana Hoffer, Mauro Pesavento, Gregor Gombac, Maria Rosa Mo\u00e8 e Melissa Murer.\n\n<\/p>\n\n\n","protected":false},"excerpt":{"rendered":"<p>Da domani, mercoled\u00ec 5, a sabato 8 settembre si svolger\u00e0 il tradizionale raduno di fine estate ad Anterselva per il biathlon regionale.Nella localit\u00e0 altoatesina saranno presenti 26 atleti: Federico Sansoni, Matteo Finco, Jacopo Stella, Nicole Troi, Valentina De Riva, Isabel Kerer, Maddalena Ballan, Samuel Da Col, Giulio Troi, Jacopo Pizzolotto, Milton Moglia, Elena Alver\u00e0, Lara Siorpaes, Giada Costantin, Martina Olivier,&hellip;<\/p>\n","protected":false},"author":4,"featured_media":816,"comment_status":"open","ping_status":"open","sticky":false,"template":"","format":"standard","meta":{"_acf_changed":false,"footnotes":""},"categories":[23,15,801,544],"tags":[],"acf":[],"_links":{"self":[{"href":"https:\/\/comitati.fisi.org\/veneto\/wp-json\/wp\/v2\/posts\/815"}],"collection":[{"href":"https:\/\/comitati.fisi.org\/veneto\/wp-json\/wp\/v2\/posts"}],"about":[{"href":"https:\/\/comitati.fisi.org\/veneto\/wp-json\/wp\/v2\/types\/post"}],"author":[{"embeddable":true,"href":"https:\/\/comitati.fisi.org\/veneto\/wp-json\/wp\/v2\/users\/4"}],"replies":[{"embeddable":true,"href":"https:\/\/comitati.fisi.org\/veneto\/wp-json\/wp\/v2\/comments?post=815"}],"version-history":[{"count":0,"href":"https:\/\/comitati.fisi.org\/veneto\/wp-json\/wp\/v2\/posts\/815\/revisions"}],"wp:featuredmedia":[{"embeddable":true,"href":"https:\/\/comitati.fisi.org\/veneto\/wp-json\/wp\/v2\/media\/816"}],"wp:attachment":[{"href":"https:\/\/comitati.fisi.org\/veneto\/wp-json\/wp\/v2\/media?parent=815"}],"wp:term":[{"taxonomy":"category","embeddable":true,"href":"https:\/\/comitati.fisi.org\/veneto\/wp-json\/wp\/v2\/categories?post=815"},{"taxonomy":"post_tag","embeddable":true,"href":"https:\/\/comitati.fisi.org\/veneto\/wp-json\/wp\/v2\/tags?post=815"}],"curies":[{"name":"wp","href":"https:\/\/api.w.org\/{rel}","templated":true}]}}