{"id":762,"date":"2018-08-24T08:45:01","date_gmt":"2018-08-24T08:45:01","guid":{"rendered":"http:\/\/www.fisiveneto.com\/?p=762"},"modified":"2018-08-24T08:45:01","modified_gmt":"2018-08-24T08:45:01","slug":"a-tambre-i-tricolori-assoluti","status":"publish","type":"post","link":"https:\/\/comitati.fisi.org\/veneto\/blog\/2018\/08\/24\/a-tambre-i-tricolori-assoluti\/","title":{"rendered":"A Tambre i Tricolori assoluti di sci d&#8217;erba"},"content":{"rendered":"\n<p>E&#8217; iniziato il conto alla rovescia per l&#8217;appuntamento tricolore di Tambre. La localit\u00e0 bellunese, che nel 2015 ospit\u00f2 il Campionato del mondo, dal 7 al 9 settembre al centro federale di Col Indes proporr\u00e0 i Campionati italiani assoluti di sci d&#8217;erba e la finale del circuito giovanile Talento Verde. Organizzazione a cura di Grasskiteam Bell1.\u00a0<\/p>\n\n\n\n<div class=\"wp-block-button\"><a class=\"wp-block-button__link\" href=\"http:\/\/www.fisiveneto.com\/wp-content\/uploads\/2018\/08\/grasski_tambre_2018_1.jpg\">Locandina1<\/a><\/div>\n\n\n\n<div class=\"wp-block-button\"><a class=\"wp-block-button__link\" href=\"http:\/\/www.fisiveneto.com\/wp-content\/uploads\/2018\/08\/grasski_tambre_2018_2.jpg\">Locandina 2<\/a><\/div>\n","protected":false},"excerpt":{"rendered":"<p>E&#8217; iniziato il conto alla rovescia per l&#8217;appuntamento tricolore di Tambre. La localit\u00e0 bellunese, che nel 2015 ospit\u00f2 il Campionato del mondo, dal 7 al 9 settembre al centro federale di Col Indes proporr\u00e0 i Campionati italiani assoluti di sci d&#8217;erba e la finale del circuito giovanile Talento Verde. Organizzazione a cura di Grasskiteam Bell1.\u00a0<\/p>\n","protected":false},"author":4,"featured_media":750,"comment_status":"open","ping_status":"open","sticky":false,"template":"","format":"standard","meta":{"_acf_changed":false,"footnotes":""},"categories":[356,252],"tags":[],"acf":[],"_links":{"self":[{"href":"https:\/\/comitati.fisi.org\/veneto\/wp-json\/wp\/v2\/posts\/762"}],"collection":[{"href":"https:\/\/comitati.fisi.org\/veneto\/wp-json\/wp\/v2\/posts"}],"about":[{"href":"https:\/\/comitati.fisi.org\/veneto\/wp-json\/wp\/v2\/types\/post"}],"author":[{"embeddable":true,"href":"https:\/\/comitati.fisi.org\/veneto\/wp-json\/wp\/v2\/users\/4"}],"replies":[{"embeddable":true,"href":"https:\/\/comitati.fisi.org\/veneto\/wp-json\/wp\/v2\/comments?post=762"}],"version-history":[{"count":0,"href":"https:\/\/comitati.fisi.org\/veneto\/wp-json\/wp\/v2\/posts\/762\/revisions"}],"wp:featuredmedia":[{"embeddable":true,"href":"https:\/\/comitati.fisi.org\/veneto\/wp-json\/wp\/v2\/media\/750"}],"wp:attachment":[{"href":"https:\/\/comitati.fisi.org\/veneto\/wp-json\/wp\/v2\/media?parent=762"}],"wp:term":[{"taxonomy":"category","embeddable":true,"href":"https:\/\/comitati.fisi.org\/veneto\/wp-json\/wp\/v2\/categories?post=762"},{"taxonomy":"post_tag","embeddable":true,"href":"https:\/\/comitati.fisi.org\/veneto\/wp-json\/wp\/v2\/tags?post=762"}],"curies":[{"name":"wp","href":"https:\/\/api.w.org\/{rel}","templated":true}]}}