{"id":7321,"date":"2019-11-18T10:44:26","date_gmt":"2019-11-18T10:44:26","guid":{"rendered":"https:\/\/www.fisiveneto.com\/?p=7321"},"modified":"2019-11-18T10:44:26","modified_gmt":"2019-11-18T10:44:26","slug":"tre-giorni-di-lavoro-a-passo-monte-croce-comelico-per-le-squadra-di-sci-alpino","status":"publish","type":"post","link":"https:\/\/comitati.fisi.org\/veneto\/blog\/2019\/11\/18\/tre-giorni-di-lavoro-a-passo-monte-croce-comelico-per-le-squadra-di-sci-alpino\/","title":{"rendered":"Tre giorni di lavoro a Passo Monte Croce Comelico per le squadre di sci alpino"},"content":{"rendered":"\n<p>Le squadre regionali di sci alpino saranno al lavoro per tre giornate a Passo Monte Croce Comelico. Il raduno pender\u00e0 il via domani, marted\u00ec 19 novembre, per concludersi gioved\u00ec 21. Oltre ai tecnici di comitato Paolo Boldrini e Moritz Micheluzzi saranno presenti anche gli allenatori di club. <\/p>\n","protected":false},"excerpt":{"rendered":"<p>Le squadre regionali di sci alpino saranno al lavoro per tre giornate a Passo Monte Croce Comelico. Il raduno pender\u00e0 il via domani, marted\u00ec 19 novembre, per concludersi gioved\u00ec 21. Oltre ai tecnici di comitato Paolo Boldrini e Moritz Micheluzzi saranno presenti anche gli allenatori di club.<\/p>\n","protected":false},"author":4,"featured_media":7077,"comment_status":"closed","ping_status":"open","sticky":false,"template":"","format":"standard","meta":{"_acf_changed":false,"footnotes":""},"categories":[1],"tags":[],"acf":[],"_links":{"self":[{"href":"https:\/\/comitati.fisi.org\/veneto\/wp-json\/wp\/v2\/posts\/7321"}],"collection":[{"href":"https:\/\/comitati.fisi.org\/veneto\/wp-json\/wp\/v2\/posts"}],"about":[{"href":"https:\/\/comitati.fisi.org\/veneto\/wp-json\/wp\/v2\/types\/post"}],"author":[{"embeddable":true,"href":"https:\/\/comitati.fisi.org\/veneto\/wp-json\/wp\/v2\/users\/4"}],"replies":[{"embeddable":true,"href":"https:\/\/comitati.fisi.org\/veneto\/wp-json\/wp\/v2\/comments?post=7321"}],"version-history":[{"count":0,"href":"https:\/\/comitati.fisi.org\/veneto\/wp-json\/wp\/v2\/posts\/7321\/revisions"}],"wp:featuredmedia":[{"embeddable":true,"href":"https:\/\/comitati.fisi.org\/veneto\/wp-json\/wp\/v2\/media\/7077"}],"wp:attachment":[{"href":"https:\/\/comitati.fisi.org\/veneto\/wp-json\/wp\/v2\/media?parent=7321"}],"wp:term":[{"taxonomy":"category","embeddable":true,"href":"https:\/\/comitati.fisi.org\/veneto\/wp-json\/wp\/v2\/categories?post=7321"},{"taxonomy":"post_tag","embeddable":true,"href":"https:\/\/comitati.fisi.org\/veneto\/wp-json\/wp\/v2\/tags?post=7321"}],"curies":[{"name":"wp","href":"https:\/\/api.w.org\/{rel}","templated":true}]}}