{"id":7304,"date":"2019-11-16T20:00:22","date_gmt":"2019-11-16T20:00:22","guid":{"rendered":"https:\/\/www.fisiveneto.com\/?p=7304"},"modified":"2019-11-16T20:00:22","modified_gmt":"2019-11-16T20:00:22","slug":"ecco-lo-ski-college-veneto-2019-2020","status":"publish","type":"post","link":"https:\/\/comitati.fisi.org\/veneto\/blog\/2019\/11\/16\/ecco-lo-ski-college-veneto-2019-2020\/","title":{"rendered":"Ecco lo Ski College Veneto 2019-2020"},"content":{"rendered":"\n<p>Confermarsi ai vertici nazionali dello sci giovanile, continuare a offrire un percorso di crescita armonico tra sport e libri. Lo&nbsp;<strong>Ski College Veneto di Falcade<\/strong>&nbsp;ha presentato oggi, sabato 16 novembre, nella propria sede di Falcade (Belluno) la stagione 2019-2020. Una stagione che si presenta intensa sia da punto di vista agonistico sia da quello organizzativo.&nbsp;&nbsp;\u00abAbbiamo una sessantina di studenti \u2013 atleti, dieci in pi\u00f9 rispetto allo scorso anno, che arrivano da svariate regioni italiane\u00bb spiega il presidente dello Ski College Veneto,&nbsp;<strong>Luca Marchetto<\/strong>. \u00abL&#8217;ambizione che abbiamo \u00e8 quella di confermarci ai vertici italiani nell&#8217;attivit\u00e0 giovanile e, naturalmente, quella di continuare a proporre ai nostri ragazzi un&#8217;offerta formativa di qualit\u00e0 che sappia armonizzare lo sport e lo studio per farli crescere in maniera completa. Fondamentale, in questo senso, \u00e8 la collaborazione con il Follador &#8211; De Rossi, l&#8217;istituto con il quale abbiamo da tempo stretto una convenzione che d\u00e0 la possibilit\u00e0 agli studenti sciatori di scegliere tra istituto tecnico tecnologico, istituto tecnico economico, liceo scientifico, liceo scientifico sportivo e istituto professionale. Mi piace sottolineare come diversi nostri studenti lo scorso anno abbiano ottenuto risultati importanti sia in ambito sportivo \u2013 per alcuni di essi si sono aperte le porte dei corpi militari e delle nazionali giovanili \u2013 sia in ambito scolastico. Non \u00e8 un percorso facile ma abbinare sci e libri si pu\u00f2 fare. Importante \u00e8 che la federazione e le istituzioni sappiano stare vicino a realt\u00e0 come la nostra\u00bb.&nbsp;\u00abDa parte nostra vogliamo anche continuare a collaborazioni con istituzioni e sci club locali\u00bb ha detto ancora Marchetto \u00abperch\u00e9 siamo convinti che solo le sinergie possono consentire di costruire qualcosa di importante per le giovani generazioni\u00bb.<\/p>\n\n\n\n<p>Alla vernice dello Ski College sono stati presentati anche gli&nbsp;<strong>sponsor<\/strong>&nbsp;principali e le nuove divise, realizzate da&nbsp;<strong>Vitalini<\/strong>.<br><\/p>\n\n\n\n<p>Spazio anche alle&nbsp;<strong>premiazioni<\/strong>&nbsp;di ex studenti (Pietro Canzio per lo sci alpino e Filippo Ferrari per lo snowboard) e degli studenti che hanno ottenuto risultati di rilievo nazionale la scorsa stagione: Isabel Murer e Federico Podda per lo snowboard; Elia Barp per lo sci di fondo; Gabriel Bonaldi per lo sci d&#8217;erba; Giovanni Franzoni, Federico Scussel, Valentina Savorgnani e Federica Lani per lo sci alpino.Premiati pure due tecnici che per tanti anni hanno lavorato allo Ski College: Maurizio Rudatis, che ora si divide tra Ski College e nazionale azzurra di snowboard, e Moritz Micheluzzi, ora allenatore della squadra maschile del Comitato Fisi Veneto.&nbsp;<\/p>\n\n\n\n<p>Alla presentazione sono&nbsp;<strong>intervenuti<\/strong>&nbsp;Michele Costa, sindaco di Falcade, il presidente di Fisi Veneto, Roberto Bortoluzzi, la presidente di Fisi Belluno, Federica Monti, il consigliere regionale Franco Gidoni, Attilio Costa in rappresentanza del polo scolastico, Claudio Dalla Palma, dell&#8217;Ufficio scolastico provinciale, e Luca Marchet, a rappresentare il Miur per il progetto studente atleta di alto livello.<\/p>\n\n\n\n<p>Questa la composizione delle&nbsp;<strong>squadre 2019-2020<\/strong>&nbsp;dello Ski College Veneto di Falcade.<\/p>\n\n\n\n<p><strong>Fondo:<\/strong>&nbsp;Elia Barp, Enrico Barp, Andrea Bompard, Roberto Iellici, Riccardo Munari, Gioia Vagretti, Andrea Zorzi.&nbsp;<em>Allenatore<\/em>: Omar Genuin.<\/p>\n\n\n\n<p><strong>Snowboard<\/strong>: Allyson Don\u00f2, Isabel Murer, Federico Podda.&nbsp;<em>Allenatore<\/em>: Maurizio Rudatis.<\/p>\n\n\n\n<p><strong>Sci alpino Children<\/strong>: Francesco Bocalon, Gabriel Bonaldi, Lapo Borgo, Jessica De Gasperin, Vittorio Flamini,Sofia Lorefice, Pietro Martinello, Virginia Morriconi, Sara Muzzarini, Caterina Perera, Nicol\u00f2 Pettini, Alessandro Piscanec, Lorenzo Pittarello, Federico Mattia Principi, Lorenzo Sartor, Giulia Savorgnani, Marta Schiavon, Giovanni Tommasi, Nicol\u00f2 Trevisan, Margherita Vascellari.&nbsp;<em>Allenatori<\/em>: Paolo Ferrari, Simone Manfroi, Giampietro Carli.<\/p>\n\n\n\n<p><strong>Sci alpino Giovani<\/strong>: Adele Bassi, Riccardo Battaglia, Alessandro Beghini, Valentina Biasizzo, Marco Ceretti, Denise Cosma, Manuel De Santi, Giulia Gallina, Giulio Giovannetti, Alessandro Girardi, Nicholas Griffani, Federica Lani, Simona Lani, Francesco Petracca, Riccardo Poser, Francesca Romeri, Gabriele Sartori, Valentina Savorgnani, Sara Scacchi, Nicola Sommacal, Alberto Tamagnini, Leonardo Alfredo Toniol, Alessandro Zanni, Aurora Zavatarelli.&nbsp;<em>Allenatori<\/em>: Mattia Turra, Roberto Parissenti, Roberto Daniele.<\/p>\n\n\n\n<p>Il tutor scolastico \u00e8 Eddy Gaspari, il preparatore atletico Riccardo Marchetti. In allegato alcune immagini (<em>credito ti-comunicazione.com<\/em>)<\/p>\n\n\n\n<p><\/p>\n\n\n[unitegallery skicollege20192020]\n","protected":false},"excerpt":{"rendered":"<p>Confermarsi ai vertici nazionali dello sci giovanile, continuare a offrire un percorso di crescita armonico tra sport e libri. Lo&nbsp;Ski College Veneto di Falcade&nbsp;ha presentato oggi, sabato 16 novembre, nella propria sede di Falcade (Belluno) la stagione 2019-2020. Una stagione che si presenta intensa sia da punto di vista agonistico sia da quello organizzativo.&nbsp;&nbsp;\u00abAbbiamo una sessantina di studenti \u2013 atleti,&hellip;<\/p>\n","protected":false},"author":4,"featured_media":7305,"comment_status":"closed","ping_status":"open","sticky":false,"template":"","format":"standard","meta":{"_acf_changed":false,"footnotes":""},"categories":[9,411,13,60,14,15,16,327,252,253,26,539],"tags":[],"acf":[],"_links":{"self":[{"href":"https:\/\/comitati.fisi.org\/veneto\/wp-json\/wp\/v2\/posts\/7304"}],"collection":[{"href":"https:\/\/comitati.fisi.org\/veneto\/wp-json\/wp\/v2\/posts"}],"about":[{"href":"https:\/\/comitati.fisi.org\/veneto\/wp-json\/wp\/v2\/types\/post"}],"author":[{"embeddable":true,"href":"https:\/\/comitati.fisi.org\/veneto\/wp-json\/wp\/v2\/users\/4"}],"replies":[{"embeddable":true,"href":"https:\/\/comitati.fisi.org\/veneto\/wp-json\/wp\/v2\/comments?post=7304"}],"version-history":[{"count":0,"href":"https:\/\/comitati.fisi.org\/veneto\/wp-json\/wp\/v2\/posts\/7304\/revisions"}],"wp:featuredmedia":[{"embeddable":true,"href":"https:\/\/comitati.fisi.org\/veneto\/wp-json\/wp\/v2\/media\/7305"}],"wp:attachment":[{"href":"https:\/\/comitati.fisi.org\/veneto\/wp-json\/wp\/v2\/media?parent=7304"}],"wp:term":[{"taxonomy":"category","embeddable":true,"href":"https:\/\/comitati.fisi.org\/veneto\/wp-json\/wp\/v2\/categories?post=7304"},{"taxonomy":"post_tag","embeddable":true,"href":"https:\/\/comitati.fisi.org\/veneto\/wp-json\/wp\/v2\/tags?post=7304"}],"curies":[{"name":"wp","href":"https:\/\/api.w.org\/{rel}","templated":true}]}}