{"id":6731,"date":"2019-09-24T08:24:52","date_gmt":"2019-09-24T08:24:52","guid":{"rendered":"https:\/\/www.fisiveneto.com\/?p=6731"},"modified":"2019-09-24T08:24:52","modified_gmt":"2019-09-24T08:24:52","slug":"cortina-2021-a-matera-capitale-europea-della-cultura","status":"publish","type":"post","link":"https:\/\/comitati.fisi.org\/veneto\/blog\/2019\/09\/24\/cortina-2021-a-matera-capitale-europea-della-cultura\/","title":{"rendered":"Cortina 2021 a Matera, capitale europea  della  cultura"},"content":{"rendered":"\n<p>Il confronto tra due realt\u00e0 d\u2019eccellenza del territorio nazionale, Cortina d\u2019Ampezzo e Matera, all\u2019insegna della sostenibilit\u00e0 e del rispetto ambientale. \u00c8 anche questo il senso dell\u2019evento \u201c<strong>La Supercitt\u00e0 del Futuro<\/strong>\u201d, uno degli appuntamenti di\u00a0<strong>Corriere Innovazione<\/strong>, il mensile di\u00a0<strong>Corriere della Sera<\/strong>\u00a0dedicato alla Cultura dell\u2019Innovazione. L\u2019incontro, di cui\u00a0<strong>Fondazione Cortina 2021\u00a0<\/strong>sar\u00e0 protagonista insieme al suo Presidente<strong>\u00a0Alessandro Benetton<\/strong>, \u00e8 in programma\u00a0<strong>gioved\u00ec 26 settembre ore 18.00\u00a0<\/strong>a\u00a0<strong>Matera, Capitale Europea della Cultura 2019<\/strong>\u00a0(Palestra Area 8, via XX settembre 14).<br>\u00a0<br>Sar\u00e0 proprio Alessandro Benetton a raccogliere da Matera, insieme a CONAI, il testimone in materia di rispetto ambientale e sviluppo responsabile e racconter\u00e0 lo spirito e le iniziative del\u00a0<strong>Protocollo d\u2019Intesa<\/strong>\u00a0<strong>per la Sostenibilit\u00e0<\/strong>, con cui i comitati organizzatori dei Campionati del Mondo di sci Cortina 2021 e di Matera Capitale Europea della Cultura 2019, insieme alle rispettive\u00a0<strong>Amministrazioni Comunali<\/strong>\u00a0e con il supporto tecnico di\u00a0<strong>CONAI<\/strong>, hanno voluto impegnarsi in un percorso di\u00a0<strong>crescita sociale oltre che economica<\/strong>, con un\u2019attenzione particolare alla\u00a0<strong>tutela dell\u2019ambiente e del patrimonio paesaggistico<\/strong>.<br>\u00a0<br>Un dialogo stretto, quello tra Cortina e Matera, due localit\u00e0 e due manifestazioni molto diverse, ma accomunate dallo stesso\u00a0<strong><em>commitment<\/em>\u00a0nei confronti del territorio e delle comunit\u00e0 locali\u00a0<\/strong>in occasione dei grandi eventi. Da sempre, infatti, \u00e8 volont\u00e0 di Cortina 2021 lavorare perch\u00e9 i prossimi Campionati del Mondo possano costituire un momento importante di sviluppo sociale, con la\u00a0<strong>creazione di\u00a0<em>know-how<\/em>\u00a0nella gestione dei grandi eventi<\/strong>\u00a0e la\u00a0<strong>messa a punto di\u00a0<em>best practices<\/em><\/strong>\u00a0che possano costituire un\u2019importante\u00a0<strong><em>legacy<\/em>\u00a0immateriale<\/strong>\u00a0per tutta la comunit\u00e0. Senza dimenticare l\u2019impegno a organizzare una manifestazione rispettosa dell\u2019ambiente e del paesaggio, che abbia al centro la tutela del patrimonio naturalistico delle Dolomiti UNESCO.<br>\u00a0<br>Con la ratifica del documento, Cortina 2021 e Matera 2019 hanno inteso perseguire fianco a fianco un\u00a0<strong>percorso comune di crescita e di responsabilit\u00e0<\/strong>, fatto di azioni concrete capaci di ridurre gli impatti ambientali e massimizzare quelli sociali. Insieme a CONAI, Cortina e Matera si sono impegnate anche a organizzare momenti di formazione e informazione sul tema della\u00a0<em>circular economy<\/em>\u00a0e della corretta gestione dei rifiuti, nonch\u00e9 a lavorare, insieme agli attori territoriali, per diffondere percorsi di innovazione e valorizzazione turistica in chiave ambientale.<br>\u00a0<br>In particolare, Fondazione Cortina 2021 sta implementando \u2013 in collaborazione con CONAI \u2013 un sistema in grado di\u00a0<strong>monitorare puntualmente la quantit\u00e0 di rifiuti prodotta durante le Finali della Coppa del Mondo di sci alpino 2020 e i Mondiali 2021 attraverso la raccolta differenziata<\/strong>, evidenziando i benefici sociali, economici ed ambientali derivanti dall\u2019avvio a riciclo dei rifiuti differenziati. Il contatore ambientale nasce, quindi, per\u00a0<strong>quantificare l\u2019impatto evitato<\/strong>\u00a0\u2013 in termini di energia, acqua ed emissioni di CO2 \u2013 rispetto a un conferimento indifferenziato del rifiuto in discarica, e si basa su un modello di misurazione delle fasi di raccolta sul luogo di produzione (per esempio Finish Area, Media Center, Medal Plaza), trasporto, pre-trattamento e recupero dei rifiuti, considerando gli impianti di destino e di riutilizzo della materia prima seconda per creare nuovi prodotti, attraverso metodologie di LCA (Life Cycle Assessment).<br>\u00a0<br>\u00ab<em>\u00c8 un\u2019occasione importante\u00a0<\/em>\u2013 ha dichiarato\u00a0<strong>Alessandro Benetton<\/strong>, Presidente di Fondazione Cortina 2021 \u2013\u00a0<em>perch\u00e9 Cortina raccoglie la preziosa eredit\u00e0 di esperienze e conoscenze maturate durante questo ultimo anno a Matera, in una staffetta con la Capitale Europea della Cultura. Con i Campionati del Mondo di sci, stiamo portando Cortina all\u2019avanguardia mondiale nell\u2019organizzazione dei grandi eventi sportivi internazionali. Sulle Dolomiti, l\u2019\u201ceffetto Cortina 2021\u201d \u00e8 gi\u00e0 evidente, con un profondo rinnovamento dell\u2019offerta turistica e il potenziamento delle infrastrutture, senza per\u00f2 dimenticare che lo sviluppo non pu\u00f2 che passare attraverso la tutela del bene pi\u00f9 prezioso di quello stesso territorio: la sua natura<\/em>\u00bb.<br>\u00a0<br>Una serata, quella di gioved\u00ec 26 settembre, moderata da\u00a0<strong>Massimo Sideri<\/strong>, responsabile di Corriere Innovazione, e a cui parteciperanno molti ospiti illustri, tra i quali il sociologo di fama internazionale\u00a0<strong>Derrick de Kerckhove<\/strong>, direttore scientifico di Media Duemila ed ex responsabile del McLuhan Program di Toronto. <\/p>\n","protected":false},"excerpt":{"rendered":"<p>Il confronto tra due realt\u00e0 d\u2019eccellenza del territorio nazionale, Cortina d\u2019Ampezzo e Matera, all\u2019insegna della sostenibilit\u00e0 e del rispetto ambientale. \u00c8 anche questo il senso dell\u2019evento \u201cLa Supercitt\u00e0 del Futuro\u201d, uno degli appuntamenti di\u00a0Corriere Innovazione, il mensile di\u00a0Corriere della Sera\u00a0dedicato alla Cultura dell\u2019Innovazione. L\u2019incontro, di cui\u00a0Fondazione Cortina 2021\u00a0sar\u00e0 protagonista insieme al suo Presidente\u00a0Alessandro Benetton, \u00e8 in programma\u00a0gioved\u00ec 26 settembre ore&hellip;<\/p>\n","protected":false},"author":4,"featured_media":4011,"comment_status":"closed","ping_status":"open","sticky":false,"template":"","format":"standard","meta":{"_acf_changed":false,"footnotes":""},"categories":[62,360],"tags":[],"acf":[],"_links":{"self":[{"href":"https:\/\/comitati.fisi.org\/veneto\/wp-json\/wp\/v2\/posts\/6731"}],"collection":[{"href":"https:\/\/comitati.fisi.org\/veneto\/wp-json\/wp\/v2\/posts"}],"about":[{"href":"https:\/\/comitati.fisi.org\/veneto\/wp-json\/wp\/v2\/types\/post"}],"author":[{"embeddable":true,"href":"https:\/\/comitati.fisi.org\/veneto\/wp-json\/wp\/v2\/users\/4"}],"replies":[{"embeddable":true,"href":"https:\/\/comitati.fisi.org\/veneto\/wp-json\/wp\/v2\/comments?post=6731"}],"version-history":[{"count":0,"href":"https:\/\/comitati.fisi.org\/veneto\/wp-json\/wp\/v2\/posts\/6731\/revisions"}],"wp:featuredmedia":[{"embeddable":true,"href":"https:\/\/comitati.fisi.org\/veneto\/wp-json\/wp\/v2\/media\/4011"}],"wp:attachment":[{"href":"https:\/\/comitati.fisi.org\/veneto\/wp-json\/wp\/v2\/media?parent=6731"}],"wp:term":[{"taxonomy":"category","embeddable":true,"href":"https:\/\/comitati.fisi.org\/veneto\/wp-json\/wp\/v2\/categories?post=6731"},{"taxonomy":"post_tag","embeddable":true,"href":"https:\/\/comitati.fisi.org\/veneto\/wp-json\/wp\/v2\/tags?post=6731"}],"curies":[{"name":"wp","href":"https:\/\/api.w.org\/{rel}","templated":true}]}}