{"id":6643,"date":"2019-09-12T16:09:19","date_gmt":"2019-09-12T16:09:19","guid":{"rendered":"https:\/\/www.fisiveneto.com\/?p=6643"},"modified":"2019-09-12T16:09:19","modified_gmt":"2019-09-12T16:09:19","slug":"finali-della-coppa-del-mondo-di-sci-derba-i-risultati-della-prima-giornata","status":"publish","type":"post","link":"https:\/\/comitati.fisi.org\/veneto\/blog\/2019\/09\/12\/finali-della-coppa-del-mondo-di-sci-derba-i-risultati-della-prima-giornata\/","title":{"rendered":"Finali della Coppa del Mondo di sci d&#8217;erba, i risultati della prima giornata"},"content":{"rendered":"\n<p>La prima giornata delle finali di Coppa del mondo di sci d&#8217;erba di scena a Schilpario non \u00e8 positiva per l&#8217;azzurro Edoardo Frau. Il detentore della Coppa di cristallo, a caccia del suo settimo titolo, ha inforcato nella manche di slalom valevole per la supercombinata vinta proprio dal suo principale avversario, Martin Barak, che ha cos\u00ec allungato in classifica generale sul valdostano. Bene l&#8217;altro azzurro Lorenzo Gritti, classificatosi quarto, con un recupero di quattro posizioni al pomeriggio, tre posti meglio di Pietro Guerini, settimo al traguardo. Buona prova anche per Filippo Zamboni, nono.<\/p>\n\n\n\n<p>Tra le donne risultato positivo per Alessandra Manzoni che \u00e8 arrivata terza al traguardo con 3&#8243;38 di ritardo dalla prima classificata Jacqueline Gerlach, collezionando cos\u00ec il settimo podio stagionale. Grazie alla gara odierna, la lecchese si \u00e8 staccata in classifica da Alena Vesela (nona) portandosi al secondo posto in classifica generale in solitaria. Buone anche le prove di Federica e Chiara Milesi, arrivate rispettivamente al settimo e all&#8217;ottavo posto. Squalificata invece Margherita Mazzoncini.<\/p>\n\n\n\n<p><a href=\"https:\/\/www.fis-ski.com\/DB\/general\/event-details.html?sectorcode=GS&amp;eventid=45098&amp;seasoncode=2020\">Qui<\/a> il dettaglio delle graduatorie. <\/p>\n\n\n\n<p>Il programma prosegue venerd\u00ec con due manche di slalom rispettivamente alle ore 10,15 e 14,15. Sabato ci sar\u00e0 invece spazio per il gigante: la prima manche avr\u00e0 inizio alle 10,15, la seconda vedr\u00e0 lo start alle 14,15. La tappa si concluder\u00e0 domenica con il supergigante: appuntamento per le 10,45. Sar\u00e0 possibile seguire le gare in streaming sul sito Fisi.org cliccando sul seguente link:&nbsp;<a href=\"https:\/\/livestream.com\/accounts\/99928\/events\/8806502.\">https:\/\/livestream.com\/accounts\/99928\/events\/8806502.<\/a><\/p>\n","protected":false},"excerpt":{"rendered":"<p>La prima giornata delle finali di Coppa del mondo di sci d&#8217;erba di scena a Schilpario non \u00e8 positiva per l&#8217;azzurro Edoardo Frau. Il detentore della Coppa di cristallo, a caccia del suo settimo titolo, ha inforcato nella manche di slalom valevole per la supercombinata vinta proprio dal suo principale avversario, Martin Barak, che ha cos\u00ec allungato in classifica generale&hellip;<\/p>\n","protected":false},"author":4,"featured_media":5708,"comment_status":"closed","ping_status":"open","sticky":false,"template":"","format":"standard","meta":{"_acf_changed":false,"footnotes":""},"categories":[14,15,252],"tags":[],"acf":[],"_links":{"self":[{"href":"https:\/\/comitati.fisi.org\/veneto\/wp-json\/wp\/v2\/posts\/6643"}],"collection":[{"href":"https:\/\/comitati.fisi.org\/veneto\/wp-json\/wp\/v2\/posts"}],"about":[{"href":"https:\/\/comitati.fisi.org\/veneto\/wp-json\/wp\/v2\/types\/post"}],"author":[{"embeddable":true,"href":"https:\/\/comitati.fisi.org\/veneto\/wp-json\/wp\/v2\/users\/4"}],"replies":[{"embeddable":true,"href":"https:\/\/comitati.fisi.org\/veneto\/wp-json\/wp\/v2\/comments?post=6643"}],"version-history":[{"count":0,"href":"https:\/\/comitati.fisi.org\/veneto\/wp-json\/wp\/v2\/posts\/6643\/revisions"}],"wp:featuredmedia":[{"embeddable":true,"href":"https:\/\/comitati.fisi.org\/veneto\/wp-json\/wp\/v2\/media\/5708"}],"wp:attachment":[{"href":"https:\/\/comitati.fisi.org\/veneto\/wp-json\/wp\/v2\/media?parent=6643"}],"wp:term":[{"taxonomy":"category","embeddable":true,"href":"https:\/\/comitati.fisi.org\/veneto\/wp-json\/wp\/v2\/categories?post=6643"},{"taxonomy":"post_tag","embeddable":true,"href":"https:\/\/comitati.fisi.org\/veneto\/wp-json\/wp\/v2\/tags?post=6643"}],"curies":[{"name":"wp","href":"https:\/\/api.w.org\/{rel}","templated":true}]}}