{"id":6553,"date":"2019-09-05T07:04:03","date_gmt":"2019-09-05T07:04:03","guid":{"rendered":"https:\/\/www.fisiveneto.com\/?p=6553"},"modified":"2019-09-05T07:04:03","modified_gmt":"2019-09-05T07:04:03","slug":"cortina-2021-il-19-settembre-beavolunteer-a-castion","status":"publish","type":"post","link":"https:\/\/comitati.fisi.org\/veneto\/blog\/2019\/09\/05\/cortina-2021-il-19-settembre-beavolunteer-a-castion\/","title":{"rendered":"Cortina 2021, il 19 settembre #BEaVolunteer a Castion"},"content":{"rendered":"\n<p>Proseguono intensamente le attivit\u00e0 di Cortina 2021 in vista dei Mondiali anche per quanto riguarda il reclutamento dei volontari. Per il prossimo gioved\u00ec 19 settembre \u00e8 fissato un incontro a Castion di Belluno, alle 20.30  alle &#8220;Stanze&#8221;, nei locali delle scuole medie. Maggiori informazioni su Cortina e la possibilit\u00e0 di essere protagonisti come volontari all&#8217;evento iridato cliccando <a href=\"https:\/\/www.cortina2021.com\/diventa-volontario\/\">qui<\/a>. <\/p>\n","protected":false},"excerpt":{"rendered":"<p>Proseguono intensamente le attivit\u00e0 di Cortina 2021 in vista dei Mondiali anche per quanto riguarda il reclutamento dei volontari. Per il prossimo gioved\u00ec 19 settembre \u00e8 fissato un incontro a Castion di Belluno, alle 20.30 alle &#8220;Stanze&#8221;, nei locali delle scuole medie. Maggiori informazioni su Cortina e la possibilit\u00e0 di essere protagonisti come volontari all&#8217;evento iridato cliccando qui.<\/p>\n","protected":false},"author":4,"featured_media":4011,"comment_status":"closed","ping_status":"open","sticky":false,"template":"","format":"standard","meta":{"_acf_changed":false,"footnotes":""},"categories":[454,62,360,19],"tags":[],"acf":[],"_links":{"self":[{"href":"https:\/\/comitati.fisi.org\/veneto\/wp-json\/wp\/v2\/posts\/6553"}],"collection":[{"href":"https:\/\/comitati.fisi.org\/veneto\/wp-json\/wp\/v2\/posts"}],"about":[{"href":"https:\/\/comitati.fisi.org\/veneto\/wp-json\/wp\/v2\/types\/post"}],"author":[{"embeddable":true,"href":"https:\/\/comitati.fisi.org\/veneto\/wp-json\/wp\/v2\/users\/4"}],"replies":[{"embeddable":true,"href":"https:\/\/comitati.fisi.org\/veneto\/wp-json\/wp\/v2\/comments?post=6553"}],"version-history":[{"count":0,"href":"https:\/\/comitati.fisi.org\/veneto\/wp-json\/wp\/v2\/posts\/6553\/revisions"}],"wp:featuredmedia":[{"embeddable":true,"href":"https:\/\/comitati.fisi.org\/veneto\/wp-json\/wp\/v2\/media\/4011"}],"wp:attachment":[{"href":"https:\/\/comitati.fisi.org\/veneto\/wp-json\/wp\/v2\/media?parent=6553"}],"wp:term":[{"taxonomy":"category","embeddable":true,"href":"https:\/\/comitati.fisi.org\/veneto\/wp-json\/wp\/v2\/categories?post=6553"},{"taxonomy":"post_tag","embeddable":true,"href":"https:\/\/comitati.fisi.org\/veneto\/wp-json\/wp\/v2\/tags?post=6553"}],"curies":[{"name":"wp","href":"https:\/\/api.w.org\/{rel}","templated":true}]}}