{"id":6514,"date":"2019-09-02T08:15:58","date_gmt":"2019-09-02T08:15:58","guid":{"rendered":"https:\/\/www.fisiveneto.com\/?p=6514"},"modified":"2019-09-02T08:15:58","modified_gmt":"2019-09-02T08:15:58","slug":"biathlon-ecco-la-squadra-2019-2020","status":"publish","type":"post","link":"https:\/\/comitati.fisi.org\/veneto\/blog\/2019\/09\/02\/biathlon-ecco-la-squadra-2019-2020\/","title":{"rendered":"Biathlon,  ecco la squadra 2019-2020 e i programmi autunnali"},"content":{"rendered":"\n<p>Cominciamo oggi la presentazione delle squadre del comitato per la stagione 2019-2020. Cominciamo con il biathlon, settore guidato da Mario Del Puppo. <\/p>\n\n\n\n<p><strong>Giovani maschile<\/strong>: Riccardo Finco, Federico Sansoni.<\/p>\n\n\n\n<p><strong>Aspiranti maschile<\/strong>: Matteo Finco, Thomas Kerer, Milton Moglia, Jacopo Pizzolotto.<\/p>\n\n\n\n<p><strong>Aspiranti femminile<\/strong>: Sofia Carli, Elisa Segafredo, Lara Micheluzzi.<\/p>\n\n\n\n<p><strong>Allievi<\/strong>: Martino Busin, Federico Milani, Marco Pomar\u00e8, Jacopo Stella.<\/p>\n\n\n\n<p><strong>Allieve<\/strong>: Giada Costantin, Martina Olivier, Giulia Rossi.<\/p>\n\n\n\n<p><strong>Tecnici<\/strong>: Pietro Fontana Hoffer, Mauro Pesavento, Maria Rosa Mo\u00e8, Melissa Murer e Gregor Gombac.<\/p>\n\n\n\n<p>\u00abL&#8217;attivit\u00e0 di comitato si \u00e8 svolta finora come da programma, con raduni giornalieri svoltisi a Palafavera e ad Asiago dove \u00e8 stata fatta una gara test\u00bb spiega il responsabile tecnico Pietro Fontana Hoffer.&nbsp; \u00abQuesta settimana sar\u00e0 molto intensa: da oggi a mercoled\u00ec Riccardo Finco e Thomas Kerer lavoreranno tra Dobbiaco e Brunico insieme alla squadra del Centro sportivo Esercito nell&#8217;ambito di un progetto volto all\u2019offerta formativa sportiva alle emanazioni territoriali della Fisi. Da mercoled\u00ec 4 a sabato 7 ci sar\u00e0 poi il tradizionale raduno di Anterselva e nel fine settimana i campionati italiani estivi in Val Martello. A fine mese \u00e8 previsto un raduno per i ragazzi della calibro 22 ad Obertilliach poi ancora Anterselva, sempre per la calibro 22, con il supporto di Alessandro Bolzan, che curer\u00e0 la preparazione degli aspetti legati alla forza, e di Davide Meneghin, del Tiro a Segno di Vittorio Veneto. Sono inoltre in programma due gare di Summer Biathlon: a Palafavera di Val di Zoldo il 15 settembre e a Vallada Agordina il 13 ottobre. A seguire ci sar\u00e0 un raduno in Val di Fiemme (ospiti della Scuola alpina della Guardia di Finanza) per la calibro 22.<\/p>\n\n\n\n<p><\/p>\n","protected":false},"excerpt":{"rendered":"<p>Cominciamo oggi la presentazione delle squadre del comitato per la stagione 2019-2020. Cominciamo con il biathlon, settore guidato da Mario Del Puppo. Giovani maschile: Riccardo Finco, Federico Sansoni. Aspiranti maschile: Matteo Finco, Thomas Kerer, Milton Moglia, Jacopo Pizzolotto. Aspiranti femminile: Sofia Carli, Elisa Segafredo, Lara Micheluzzi. Allievi: Martino Busin, Federico Milani, Marco Pomar\u00e8, Jacopo Stella. Allieve: Giada Costantin, Martina Olivier,&hellip;<\/p>\n","protected":false},"author":4,"featured_media":6515,"comment_status":"closed","ping_status":"open","sticky":false,"template":"","format":"standard","meta":{"_acf_changed":false,"footnotes":""},"categories":[9,23,14,15],"tags":[],"acf":[],"_links":{"self":[{"href":"https:\/\/comitati.fisi.org\/veneto\/wp-json\/wp\/v2\/posts\/6514"}],"collection":[{"href":"https:\/\/comitati.fisi.org\/veneto\/wp-json\/wp\/v2\/posts"}],"about":[{"href":"https:\/\/comitati.fisi.org\/veneto\/wp-json\/wp\/v2\/types\/post"}],"author":[{"embeddable":true,"href":"https:\/\/comitati.fisi.org\/veneto\/wp-json\/wp\/v2\/users\/4"}],"replies":[{"embeddable":true,"href":"https:\/\/comitati.fisi.org\/veneto\/wp-json\/wp\/v2\/comments?post=6514"}],"version-history":[{"count":0,"href":"https:\/\/comitati.fisi.org\/veneto\/wp-json\/wp\/v2\/posts\/6514\/revisions"}],"wp:featuredmedia":[{"embeddable":true,"href":"https:\/\/comitati.fisi.org\/veneto\/wp-json\/wp\/v2\/media\/6515"}],"wp:attachment":[{"href":"https:\/\/comitati.fisi.org\/veneto\/wp-json\/wp\/v2\/media?parent=6514"}],"wp:term":[{"taxonomy":"category","embeddable":true,"href":"https:\/\/comitati.fisi.org\/veneto\/wp-json\/wp\/v2\/categories?post=6514"},{"taxonomy":"post_tag","embeddable":true,"href":"https:\/\/comitati.fisi.org\/veneto\/wp-json\/wp\/v2\/tags?post=6514"}],"curies":[{"name":"wp","href":"https:\/\/api.w.org\/{rel}","templated":true}]}}