{"id":6501,"date":"2019-08-31T07:48:37","date_gmt":"2019-08-31T07:48:37","guid":{"rendered":"https:\/\/www.fisiveneto.com\/?p=6501"},"modified":"2019-08-31T07:48:37","modified_gmt":"2019-08-31T07:48:37","slug":"innerhofer-e-moioli-per-la-chiusura-di-talenti-storie-di-imprese-straordinarie","status":"publish","type":"post","link":"https:\/\/comitati.fisi.org\/veneto\/blog\/2019\/08\/31\/innerhofer-e-moioli-per-la-chiusura-di-talenti-storie-di-imprese-straordinarie\/","title":{"rendered":"Innerhofer e Moioli per la chiusura di &#8220;Talenti: storie di imprese straordinarie\u201d"},"content":{"rendered":"\n<p> \u00abVelocit\u00e0\u00bb: \u00e8 stato questo il filo conduttore del terzo ed ultimo incontro di \u201c<strong>Talenti: storie di imprese straordinarie<\/strong>\u201d, la kermesse organizzata da\u00a0<strong>Fondazione Cortina 2021<\/strong>\u00a0con\u00a0<strong>Cristallo, a Luxury Collection Resort &amp; Spa Cortina d\u2019Ampezzo<\/strong>. L\u2019incontro, che si \u00e8 svolto ieri sera, venerd\u00ec 20 agosto, in piazza A. Dibona, ha visto la partecipazione di due autentiche \u201cschegge\u201d degli sport invernali:\u00a0<strong>Christof Innerhofer<\/strong>, \u00a0medagliato olimpico e campione del mondo di\u00a0superG a Garmisch-Partenkierchen nel 2011, e\u00a0<strong>Michela Moioli<\/strong>,\u00a0campionessa olimpica di snowboard cross ai\u00a0Giochi olimpici\u00a0di\u00a0Pyeongchang 2018.<\/p>\n\n\n\n<p>I due atleti italiani, molto amati dal pubblico, hanno raccontato le loro storie e le loro imprese incalzati dalle domande di&nbsp;<strong>Gianni Valenti<\/strong>,&nbsp;vicedirettore vicario de La Gazzetta&nbsp;dello Sport<em>. \u201cLa velocit\u00e0 \u00e8 parte della nostra vita, del nostro sport e del nostro DNA\u201d<\/em>. Questo il pensiero comune dei due campioni raccontato sul palco di Talenti, dal quale hanno condiviso aneddoti, esperienze e sogni per il futuro. Obiettivo comune: i Giochi Olimpici Invernali di Milano \u2013 Cortina 2026.<\/p>\n\n\n\n<p>&nbsp;\u201c<em>Christof Innerhofer e Michela Moioli sono due atleti straordinari, due giganti dello sci e dello snowboard che incarnano i valori pi\u00f9 autentici dello sport<\/em>&nbsp;\u2013 ha dichiarato&nbsp;<strong>Valerio Giacobbi<\/strong>, Amministratore Delegato di Fondazione Cortina 2021 \u2013&nbsp;<em>Un format come quello di \u201cTalenti\u201d assume un\u2019importanza ancora maggiore proprio qui a Cortina, in questo periodo di preparazione ai grandi appuntamenti sportivi internazionali che ci aspettano di qui ai prossimi anni. Le storie di talenti italiani, di personaggi di successo e di imprese straordinarie restano per noi di Fondazione esempi di vita, di imprenditorialit\u00e0, di competitivit\u00e0 e di sport a cui ispirare il nostro lavoro, con un approccio grintoso nella quotidianit\u00e0 e allo stesso tempo con una visione di lungo periodo per il territorio e la comunit\u00e0 in termini di legacy infrastrutturale e di know-how<\/em>\u201d.<\/p>\n\n\n\n<p><strong>Si chiude cos\u00ec<\/strong><strong>la terza edizione della rassegna Talenti<\/strong>, divenuta ormai un format conosciuto e apprezzato dell\u2019estate ampezzana, grazie anche alla collaborazione di media partner d\u2019eccezione come La Gazzetta dello Sport e i dorsi del Veneto, del Trentino, dell\u2019Alto Adige e di Bologna del Corriere della Sera.&nbsp;<strong>Ogni sera una parola chiave affidata a un ospite<\/strong>, una conversazione one-to-one con un giornalista, un\u2019ora&nbsp;per&nbsp;raccontare, incuriosire, illuminare nuove prospettive. L\u2019occasione per conoscere da vicino la storia di una personalit\u00e0 di grande spessore, un imprenditore del Made in Italy o del mondo dello sport, impegnato ad alzare costantemente l\u2019asticella del possibile.<\/p>\n\n\n\n<p>Nei giorni scorsi era stata la volta di&nbsp;<strong>Kristian Ghedina<\/strong>, Ambassador di Fondazione Cortina 2021 (28 agosto, parola chiave \u00abSconfini\u00bb), che ha intervistato il direttore de La Gazzetta dello Sport&nbsp;<strong>Andrea Monti<\/strong>, in un insolito quanto interessante scambio di ruoli tra intervistato e intervistatore; e&nbsp;<strong>Giancarlo Zanatta&nbsp;<\/strong>(29 agosto, parola chiave: \u00abLuna\u00bb), fondatore di Tecnica Group e inventore del \u201cMoon Boot\u201d, intervistato da&nbsp;<strong>Alessandro Russello&nbsp;<\/strong>direttore de Corriere del Veneto, Corriere del Trentino, Corriere dell\u2019Alto Adige e Corriere di Bologna.\n\n<\/p>\n","protected":false},"excerpt":{"rendered":"<p>\u00abVelocit\u00e0\u00bb: \u00e8 stato questo il filo conduttore del terzo ed ultimo incontro di \u201cTalenti: storie di imprese straordinarie\u201d, la kermesse organizzata da\u00a0Fondazione Cortina 2021\u00a0con\u00a0Cristallo, a Luxury Collection Resort &amp; Spa Cortina d\u2019Ampezzo. L\u2019incontro, che si \u00e8 svolto ieri sera, venerd\u00ec 20 agosto, in piazza A. Dibona, ha visto la partecipazione di due autentiche \u201cschegge\u201d degli sport invernali:\u00a0Christof Innerhofer, \u00a0medagliato olimpico&hellip;<\/p>\n","protected":false},"author":4,"featured_media":6502,"comment_status":"closed","ping_status":"open","sticky":false,"template":"","format":"standard","meta":{"_acf_changed":false,"footnotes":""},"categories":[454,62,360,14],"tags":[757,758,759,760,621],"acf":[],"_links":{"self":[{"href":"https:\/\/comitati.fisi.org\/veneto\/wp-json\/wp\/v2\/posts\/6501"}],"collection":[{"href":"https:\/\/comitati.fisi.org\/veneto\/wp-json\/wp\/v2\/posts"}],"about":[{"href":"https:\/\/comitati.fisi.org\/veneto\/wp-json\/wp\/v2\/types\/post"}],"author":[{"embeddable":true,"href":"https:\/\/comitati.fisi.org\/veneto\/wp-json\/wp\/v2\/users\/4"}],"replies":[{"embeddable":true,"href":"https:\/\/comitati.fisi.org\/veneto\/wp-json\/wp\/v2\/comments?post=6501"}],"version-history":[{"count":0,"href":"https:\/\/comitati.fisi.org\/veneto\/wp-json\/wp\/v2\/posts\/6501\/revisions"}],"wp:featuredmedia":[{"embeddable":true,"href":"https:\/\/comitati.fisi.org\/veneto\/wp-json\/wp\/v2\/media\/6502"}],"wp:attachment":[{"href":"https:\/\/comitati.fisi.org\/veneto\/wp-json\/wp\/v2\/media?parent=6501"}],"wp:term":[{"taxonomy":"category","embeddable":true,"href":"https:\/\/comitati.fisi.org\/veneto\/wp-json\/wp\/v2\/categories?post=6501"},{"taxonomy":"post_tag","embeddable":true,"href":"https:\/\/comitati.fisi.org\/veneto\/wp-json\/wp\/v2\/tags?post=6501"}],"curies":[{"name":"wp","href":"https:\/\/api.w.org\/{rel}","templated":true}]}}