{"id":6486,"date":"2019-08-27T07:22:04","date_gmt":"2019-08-27T07:22:04","guid":{"rendered":"https:\/\/www.fisiveneto.com\/?p=6486"},"modified":"2019-08-27T07:22:04","modified_gmt":"2019-08-27T07:22:04","slug":"biathlon-ecco-il-tradizionale-raduno-di-anterselva","status":"publish","type":"post","link":"https:\/\/comitati.fisi.org\/veneto\/blog\/2019\/08\/27\/biathlon-ecco-il-tradizionale-raduno-di-anterselva\/","title":{"rendered":"Biathlon, ecco il tradizionale raduno di Anterselva"},"content":{"rendered":"\n<p>Dal 4 al 7 settembre prossimi si svolger\u00e0 il tradizionale raduno di Anterselva per i ragazzi e le ragazze del biathlon. Al centro internazionale della specialit\u00e0, che il prossimo inverno ospiter\u00e0 i Campionati del mondo, lavorer\u00e0 una pattuglia nutrita (composta da atleti delle squadre regionali e da aggregati), a testimonianza della vivacit\u00e0 e della crescita del movimento. <\/p>\n\n\n\n<p>Questo il dettaglio: Matteo Finco, Martino Busin, Federico Milani, Marco Pomar\u00e8, Jacopo Stella, Lara Micheluzzi, Elisa Segafredo,  Giada Costantin, Martina Olivier, Giulia Rossi, Sebastiano Cagnati, Antonio Pertile, Alex Rossi, Giulio Troi, Gianluca Da Pian, Laura Mortagna, Elena Alver\u00e0, Lisa Baldissarutti, Bettina Bortoli, Valentina De Riva, Lara Siorpaes, Maddalena Ballan, Vanessa Cagnati, Caterina Milani, Francesca Olivier, Lisa Ganz, Caterina Valt. I tecnici saranno Pietro Fontana Hoffer, Mauro Pesavento, Maria Rosa Mo\u00e8, Melissa Murer e Claudio Flossi.<\/p>\n","protected":false},"excerpt":{"rendered":"<p>Dal 4 al 7 settembre prossimi si svolger\u00e0 il tradizionale raduno di Anterselva per i ragazzi e le ragazze del biathlon. Al centro internazionale della specialit\u00e0, che il prossimo inverno ospiter\u00e0 i Campionati del mondo, lavorer\u00e0 una pattuglia nutrita (composta da atleti delle squadre regionali e da aggregati), a testimonianza della vivacit\u00e0 e della crescita del movimento. Questo il dettaglio:&hellip;<\/p>\n","protected":false},"author":4,"featured_media":2991,"comment_status":"closed","ping_status":"open","sticky":false,"template":"","format":"standard","meta":{"_acf_changed":false,"footnotes":""},"categories":[9,23,14,15],"tags":[],"acf":[],"_links":{"self":[{"href":"https:\/\/comitati.fisi.org\/veneto\/wp-json\/wp\/v2\/posts\/6486"}],"collection":[{"href":"https:\/\/comitati.fisi.org\/veneto\/wp-json\/wp\/v2\/posts"}],"about":[{"href":"https:\/\/comitati.fisi.org\/veneto\/wp-json\/wp\/v2\/types\/post"}],"author":[{"embeddable":true,"href":"https:\/\/comitati.fisi.org\/veneto\/wp-json\/wp\/v2\/users\/4"}],"replies":[{"embeddable":true,"href":"https:\/\/comitati.fisi.org\/veneto\/wp-json\/wp\/v2\/comments?post=6486"}],"version-history":[{"count":0,"href":"https:\/\/comitati.fisi.org\/veneto\/wp-json\/wp\/v2\/posts\/6486\/revisions"}],"wp:featuredmedia":[{"embeddable":true,"href":"https:\/\/comitati.fisi.org\/veneto\/wp-json\/wp\/v2\/media\/2991"}],"wp:attachment":[{"href":"https:\/\/comitati.fisi.org\/veneto\/wp-json\/wp\/v2\/media?parent=6486"}],"wp:term":[{"taxonomy":"category","embeddable":true,"href":"https:\/\/comitati.fisi.org\/veneto\/wp-json\/wp\/v2\/categories?post=6486"},{"taxonomy":"post_tag","embeddable":true,"href":"https:\/\/comitati.fisi.org\/veneto\/wp-json\/wp\/v2\/tags?post=6486"}],"curies":[{"name":"wp","href":"https:\/\/api.w.org\/{rel}","templated":true}]}}