{"id":6482,"date":"2019-08-26T13:34:32","date_gmt":"2019-08-26T13:34:32","guid":{"rendered":"https:\/\/www.fisiveneto.com\/?p=6482"},"modified":"2019-08-26T13:34:32","modified_gmt":"2019-08-26T13:34:32","slug":"lo-sci-vicentino-piange-la-morte-di-elio-frigo-domani-i-funerali","status":"publish","type":"post","link":"https:\/\/comitati.fisi.org\/veneto\/blog\/2019\/08\/26\/lo-sci-vicentino-piange-la-morte-di-elio-frigo-domani-i-funerali\/","title":{"rendered":"Lo Sci club 6 Campanili piange la morte di Elio Frigo. Domani i funerali"},"content":{"rendered":"\n<p>Nel pomeriggio di sabato scorso, 24 agosto, \u00e8 morto il Cavaliere Ufficiale della Repubblica Italiana signor Elio Frigo (Sceriffo), titolare degli Impianti e amministratore della Societ\u00e0 Roana 2000 Verena Srl, fondatore e primo presidente dello Sci club Sei Campanili, consigliere Regionale componente della commissione sci alpino e accompagnatore e referente della squadra regionale femminile negli anni &#8217;75-&#8217;80. I funerali avranno luogo domani, marted\u00ec 27 agosto, alle 15 alla chiesetta San Giovanni Gualberto in localit\u00e0 Verenetta a Mezzaselva di Roana, ai piedi degli Impianti di risalita delle Sciovie del Monte Verena). <br>Per volont\u00e0 del caro Elio non fiori ma eventuali offerte che saranno devolute all&#8217;Associazione Italiana Ricerca Cancro.<\/p>\n\n\n\n<p>Da parte del presidente Roberto Bortoluzzi e di tutto il comitato regionale giungano alla famiglia di Elio le pi\u00f9 sentite condoglianze. <br><\/p>\n","protected":false},"excerpt":{"rendered":"<p>Nel pomeriggio di sabato scorso, 24 agosto, \u00e8 morto il Cavaliere Ufficiale della Repubblica Italiana signor Elio Frigo (Sceriffo), titolare degli Impianti e amministratore della Societ\u00e0 Roana 2000 Verena Srl, fondatore e primo presidente dello Sci club Sei Campanili, consigliere Regionale componente della commissione sci alpino e accompagnatore e referente della squadra regionale femminile negli anni &#8217;75-&#8217;80. I funerali avranno&hellip;<\/p>\n","protected":false},"author":4,"featured_media":6483,"comment_status":"closed","ping_status":"open","sticky":false,"template":"","format":"standard","meta":{"_acf_changed":false,"footnotes":""},"categories":[1],"tags":[],"acf":[],"_links":{"self":[{"href":"https:\/\/comitati.fisi.org\/veneto\/wp-json\/wp\/v2\/posts\/6482"}],"collection":[{"href":"https:\/\/comitati.fisi.org\/veneto\/wp-json\/wp\/v2\/posts"}],"about":[{"href":"https:\/\/comitati.fisi.org\/veneto\/wp-json\/wp\/v2\/types\/post"}],"author":[{"embeddable":true,"href":"https:\/\/comitati.fisi.org\/veneto\/wp-json\/wp\/v2\/users\/4"}],"replies":[{"embeddable":true,"href":"https:\/\/comitati.fisi.org\/veneto\/wp-json\/wp\/v2\/comments?post=6482"}],"version-history":[{"count":0,"href":"https:\/\/comitati.fisi.org\/veneto\/wp-json\/wp\/v2\/posts\/6482\/revisions"}],"wp:featuredmedia":[{"embeddable":true,"href":"https:\/\/comitati.fisi.org\/veneto\/wp-json\/wp\/v2\/media\/6483"}],"wp:attachment":[{"href":"https:\/\/comitati.fisi.org\/veneto\/wp-json\/wp\/v2\/media?parent=6482"}],"wp:term":[{"taxonomy":"category","embeddable":true,"href":"https:\/\/comitati.fisi.org\/veneto\/wp-json\/wp\/v2\/categories?post=6482"},{"taxonomy":"post_tag","embeddable":true,"href":"https:\/\/comitati.fisi.org\/veneto\/wp-json\/wp\/v2\/tags?post=6482"}],"curies":[{"name":"wp","href":"https:\/\/api.w.org\/{rel}","templated":true}]}}