{"id":6428,"date":"2019-08-22T10:52:53","date_gmt":"2019-08-22T10:52:53","guid":{"rendered":"https:\/\/www.fisiveneto.com\/?p=6428"},"modified":"2019-08-22T10:52:53","modified_gmt":"2019-08-22T10:52:53","slug":"grande-laura-mortagna-in-russia-primo-podio-in-coppa-nel-prologo-di-khanty-mansiysk","status":"publish","type":"post","link":"https:\/\/comitati.fisi.org\/veneto\/blog\/2019\/08\/22\/grande-laura-mortagna-in-russia-primo-podio-in-coppa-nel-prologo-di-khanty-mansiysk\/","title":{"rendered":"Grande Laura Mortagna in Russia: primo podio in Coppa nel prologo di Khanty-Mansiysk"},"content":{"rendered":"\n<p>Giornata storica quella di oggi per Laura Mortagna! La giovanissima bellunese dello Sci club Valdobbiadene, classe 2003, ha conquistato il primo podio in carriera in una gara di Coppa del mondo. La skirollista di Cergnai di Santa Giustina (nella foto di Flavio Becchis in azione oggi) \u00e8 infatti giunta seconda Juniores nel prologo del lungo fine settimana di Coppa di  Khanty-Mansiysk (Russia). Al termine dei 7.5 km skating del tracciato, solo la russa Arina Bylinko ha saputo fare meglio di Laura, precedendola di 9&#8243;2.  8. Alba Mortagna. A livello Seniores, 5. Lisa Bolzan e 12. Anna Bolzan.<\/p>\n\n\n\n<p>Per quanto riguarda l&#8217;Italia maschile, l&#8217;impresa \u00e8 stata realizzata nella 7,5 km maschile da Matteo Tanel. Il trentino, un oro e un argento ai recenti Mondiali lettoni, \u00e8 salito sul gradino pi\u00f9 alto del podio togliendosi la soddisfazione di precedere avversari di assoluto livello come i russi Eugeniy Dementiev e Ivan Anisimov, superati di 13&#8243;5 e 26&#8243;7, e rilancia le proprie legittime ambizioni nella classifica generale. 8. Jacopo Giardina e 12. Michael Galassi. Domani le gare ad inseguimento.<\/p>\n\n\n\n<p><a href=\"https:\/\/www.fis-ski.com\/DB\/cross-country\/live.html\">Qui<\/a> il dettaglio delle graduatorie.<\/p>\n\n\n\n<p><\/p>\n","protected":false},"excerpt":{"rendered":"<p>Giornata storica quella di oggi per Laura Mortagna! La giovanissima bellunese dello Sci club Valdobbiadene, classe 2003, ha conquistato il primo podio in carriera in una gara di Coppa del mondo. La skirollista di Cergnai di Santa Giustina (nella foto di Flavio Becchis in azione oggi) \u00e8 infatti giunta seconda Juniores nel prologo del lungo fine settimana di Coppa di&hellip;<\/p>\n","protected":false},"author":4,"featured_media":6435,"comment_status":"closed","ping_status":"open","sticky":false,"template":"","format":"standard","meta":{"_acf_changed":false,"footnotes":""},"categories":[10,13,14,15,258],"tags":[743,287],"acf":[],"_links":{"self":[{"href":"https:\/\/comitati.fisi.org\/veneto\/wp-json\/wp\/v2\/posts\/6428"}],"collection":[{"href":"https:\/\/comitati.fisi.org\/veneto\/wp-json\/wp\/v2\/posts"}],"about":[{"href":"https:\/\/comitati.fisi.org\/veneto\/wp-json\/wp\/v2\/types\/post"}],"author":[{"embeddable":true,"href":"https:\/\/comitati.fisi.org\/veneto\/wp-json\/wp\/v2\/users\/4"}],"replies":[{"embeddable":true,"href":"https:\/\/comitati.fisi.org\/veneto\/wp-json\/wp\/v2\/comments?post=6428"}],"version-history":[{"count":0,"href":"https:\/\/comitati.fisi.org\/veneto\/wp-json\/wp\/v2\/posts\/6428\/revisions"}],"wp:featuredmedia":[{"embeddable":true,"href":"https:\/\/comitati.fisi.org\/veneto\/wp-json\/wp\/v2\/media\/6435"}],"wp:attachment":[{"href":"https:\/\/comitati.fisi.org\/veneto\/wp-json\/wp\/v2\/media?parent=6428"}],"wp:term":[{"taxonomy":"category","embeddable":true,"href":"https:\/\/comitati.fisi.org\/veneto\/wp-json\/wp\/v2\/categories?post=6428"},{"taxonomy":"post_tag","embeddable":true,"href":"https:\/\/comitati.fisi.org\/veneto\/wp-json\/wp\/v2\/tags?post=6428"}],"curies":[{"name":"wp","href":"https:\/\/api.w.org\/{rel}","templated":true}]}}