{"id":6425,"date":"2019-08-22T10:12:48","date_gmt":"2019-08-22T10:12:48","guid":{"rendered":"https:\/\/www.fisiveneto.com\/?p=6425"},"modified":"2019-08-22T10:12:48","modified_gmt":"2019-08-22T10:12:48","slug":"sofia-goggia-ambassador-dei-mondiali-2021","status":"publish","type":"post","link":"https:\/\/comitati.fisi.org\/veneto\/blog\/2019\/08\/22\/sofia-goggia-ambassador-dei-mondiali-2021\/","title":{"rendered":"Sofia Goggia ambassador dei Mondiali 2021!"},"content":{"rendered":"\n<p><strong>Sofia Goggia&nbsp;<\/strong>\u00e8 la&nbsp;<strong>nuova Ambassador dei Mondiali di Cortina 2021.&nbsp;<\/strong>L&#8217;olimpionica bergamasca \u00e8, da sempre, una grande amante della Regina delle Dolomiti e questo accordo \u00e8 il frutto naturale di un rapporto che si \u00e8 sempre pi\u00f9 evoluto negli ultimi anni. Ovviamente, in modo particolare con l&#8217;Olympia delle Tofane, la blasonata pista della Coppa del mondo femminile che sar\u00e0 protagonista anche nell&#8217;edizione iridata del 2021.&nbsp;<br><br>Sofia &#8211; su quella pista &#8211; fu per due volte seconda nel 2017, e vinse una delle due discese del gennaio 2018, in un memorabile duello con la sua amica\/rivale Lindsey Vonn. Quella vittoria a Cortina fu il miglior viatico verso il titolo olimpico vinto solo pochi giorni dopo sulle nevi coreane di PyeongChang.<br><br>Nel 2019, Sofia non pot\u00e9 gareggiare perch\u00e9 infortunata, ma volle a tutti i costi essere presente all&#8217;ultima gara in Coppa del mondo della Vonn. Arriv\u00f2 al nuovo parterre di Rumerlo, con un gran mazzo di fiori che consegn\u00f2 a Lindsey: le due si strinsero in un lungo e commovente abbraccio, che segn\u00f2 anche un passaggio di consegne fra le due campionesse della velocit\u00e0 mondiale.<br><br>E ora Sofia Goggia intende cogliere l&#8217;anima pi\u00f9 profonda del Mondiale cortinese e della stessa citt\u00e0, divenendone Ambassador nel mondo. L&#8217;immagine dei Mondiali, i suoi valori e tutto ci\u00f2 che contraddistingue Cortina trova un&#8217;interprete d&#8217;eccezione, che va ad affiancarsi all&#8217;idolo locale, Kristian Ghedina, e che permetter\u00e0 di veicolare il patrimonio sportivo e culturale di Cortina in tutto il Circo Bianco e oltre, vista la popolarit\u00e0 di cui gode l&#8217;azzurra.<br><br>L&#8217;annuncio pubblico dell&#8217;accordo fra Goggia e Cortina 2021 avverr\u00e0&nbsp;<strong>gioved\u00ec 22 agosto, a partire dalle 18.00, in piazza Angelo Dibona,&nbsp;<\/strong>quando l&#8217;atleta azzurra sar\u00e0 presente in citt\u00e0 per il primo bagno di folla tra i suoi tifosi ampezzani.<br><br>Ad accogliere la campionessa azzurra: il Presidente di Fondazione Cortina 2021,&nbsp;<strong>Alessandro Benetton,&nbsp;<\/strong>e l&#8217;Amministratore Delegato,&nbsp;<strong>Valerio Giacobbi;&nbsp;<\/strong>il Sindaco di Cortina&nbsp;<strong>Gianpietro Ghedina<\/strong>; il Presidente della FISI&nbsp;<strong>Flavio Roda<\/strong>; l&#8217;altro Ambassador dei Mondiali&nbsp;<strong>Kristian Ghedina;&nbsp;<\/strong>il Presidente del Consorzio Impianti a Fune&nbsp;<strong>Marco Zardini&nbsp;<\/strong>e la Presidente dell\u2019Associazione Albergatori di Cortina&nbsp;<strong>Roberta Alver\u00e0<\/strong>.<br><br>\u201c<em>Diventare Ambassador di Cortina 2021 \u00e8 un onore a cui tengo tantissimo&nbsp;<\/em>\u2013 racconta&nbsp;<strong>Sofia Goggia&nbsp;<\/strong>\u2013&nbsp;<em>L\u2019Olympia delle Tofane \u00e8 da sempre la mia preferita, nelle scorse stagioni mi ha regalato grandi risultati. Si tratta di una localit\u00e0 in cui respiriamo un&#8217;atmosfera particolare e incredibile allo stesso tempo: quando si prendono gli impianti di risalita \u00e8 facile essere catturati da tutte le bellezze che la circondano. Dal punto di vista tecnico rappresenta a mio parere la tappa pi\u00f9 bella del circuito, perch\u00e9 i tracciati di gara e quelli di allenamento sono preparati con grandissima professionalit\u00e0 e dove le esigenze delle atlete vengono messe al primo posto. Ringrazio Fondazione Cortina 2021 per avermi dato questa opportunit\u00e0, lavorer\u00f2 per arrivare all&#8217;appuntamento mondiale in piena forma. Cortina incanta perch\u00e9 si tratta di una location fra le pi\u00f9 belle al mondo e offre attraverso il suo territorio molte opportunit\u00e0. E anche a livello affettivo rimarr\u00e0 nel mio cuore: a Cortina indossai due anni fa il mio primo pettorale rosso di leader della classifica di Coppa del mondo davanti a Lindsey Vonn, a Cortina scattai tanti anni fa la mia prima foto con la campionessa americana e sempre a Cortina l&#8217;anno scorso le resi omaggio, seppur reduce da infortunio, quando annunci\u00f2 al mondo il suo ritiro agonistico<\/em>\u201d.&nbsp;&nbsp;<\/p>\n\n\n\n<p>\u201c<em>Avere Sofia Goggia al nostro fianco, come Ambassador dei prossimi Campionati del Mondo di Sci alpino \u00e8 qualcosa di entusiasmante&nbsp;<\/em>\u2013 commenta&nbsp;<strong>Alessandro Benetton<\/strong>, Presidente di Fondazione Cortina 2021 \u2013&nbsp;<em>Sofia non \u00e8 solo una grande campionessa e un volto notissimo dello sci tricolore ma soprattutto una grandissima influencer, un personaggio della rete capace di farsi apprezzare per intelligenza e ironia, una ragazza dotata di un grande afflato umano, capace di coinvolgere le persone con il suo entusiasmo e la sua grinta. Sono certo che sapr\u00e0 farsi strumento eccezionale per promuovere, in maniera innovativa e a livello internazionale, il brand Cortina e soprattutto i Mondiali di Sci 2021 per&nbsp;creare attenzione e curiosit\u00e0 verso un grande evento sportivo capace di far luce su tutta la Conca Ampezzana e sulle Dolomiti, Patrimonio Unesco. Si tratta perci\u00f2 di un\u2019operazione di grande valore, rivolta ai giovani, agli sportivi e agli appassionati, che mira ad amplificare l\u2019\u201ceffetto Cortina 2021\u201d&nbsp;e a raccontare il laboratorio che \u00e8 Cortina in questi anni, con le evidenti energie positive che sono state rimesse in circolo, le nuove progettualit\u00e0 per il territorio montano, le iniziative a favore dei giovani e una rinnovata attenzione per l\u2019ambiente e l\u2019ecosostenibilit\u00e0<\/em>\u201d.&nbsp;<br><br>\u201c<em>\u00c8 grande la soddisfazione di poter presentare oggi Sofia Goggia come volto di Cortina d\u2019Ampezzo \u2013&nbsp;<\/em>afferma il Sindaco di Cortina d\u2019Ampezzo,&nbsp;<strong>Gianpietro Ghedina<\/strong><em>\u2013 Insieme al nostro Kristian Ghedina, lei \u00e8 senz\u2019altro una delle stelle dello sci italiano pi\u00f9 amate di sempre. Un personaggio di prima grandezza che va ad aggiungersi ai tanti partner, professionisti e sportivi che ci accompagneranno prima verso la tappa dei Campionati del Mondo 2021 e poi ancora, ci auguriamo, fino al traguardo olimpico del 2026.&nbsp;Perch\u00e9 Sofia non \u00e8 solo una fuoriclasse che sa tenere alti i valori dello sport e dell\u2019italianit\u00e0 nel mondo, ma \u00e8 una personalit\u00e0 positiva e coinvolgente, capace di garantire un contributo personale di grande valore, come ho personalmente avuto occasione di constatare a Losanna lo scorso giugno. Sofia, inoltre, \u00e8 personalmente molto legata a Cortina, anche al di l\u00e0 della sua carriera sportiva: e tutto questo costituisce una solida base su cui costruire un connubio vincente, per portare la maggior visibilit\u00e0 possibile alla nostra citt\u00e0 e ai grandi appuntamenti sportivi internazionali che ci aspettano di qui ai prossimi anni<\/em>\u201d<em>.&nbsp;<\/em><\/p>\n\n\n\n<p><em>\u201cSofia Goggia \u00e8 senza dubbio una delle punte di diamante dello sci azzurro di questi anni &#8211; dice il Presidente della FISI,&nbsp;<\/em><strong>Flavio Roda<\/strong><em>-, ed \u00e8 anche una delle pi\u00f9 inseguite testimonial per la sua innata capacit\u00e0 di comunicare con tutti i mezzi, per la sua perfetta conoscenza delle lingue straniere, per la sua simpatia, ma naturalmente anche per l\u2019entusiasmo che sa generare quando \u00e8 in gara. Credo perci\u00f2 che il binomio con Cortina 2021 sar\u00e0 proficuo e mi auguro anche di buon auspicio per i risultati che l\u2019Italia si attende dai propri campioni nei Mondiali di casa\u201d.<\/em><\/p>\n\n\n\n<p>\u201c<em>Sofia&nbsp;Goggia \u00e8 per tutti sinonimo di sport, competitivit\u00e0 e grinta \u2013&nbsp;<\/em>sottolinea&nbsp;<strong>Marco&nbsp;Zardini,&nbsp;<\/strong>Presidente del Consorzio Impianti a Fune&nbsp;\u2013&nbsp;<em>Un asso dello sci che si mette a disposizione del territorio e della comunit\u00e0, per raccontare all\u2019esterno anche le tante infrastrutture sportive che stanno vedendo la luce in vista del traguardo iridato: non solo le nostre spettacolari piste da sci, ma anche impianti moderni che la rendono un autentico paradiso per appassionati e turisti.<\/em><em>Sono certo che nessuno meglio di lei potr\u00e0&nbsp;farsi ambasciatrice del mondo della nostra&nbsp;Cortina,&nbsp;che \u00e8 citt\u00e0 olimpica e una delle grandi capitali degli sport invernali<\/em>\u201d<em>.<\/em><br><br>\u201c<em>Sofia Goggia \u00e8 una testimonial straordinaria per Cortina&nbsp;<\/em>\u2013 dichiara&nbsp;<strong>Roberta Alver\u00e0,&nbsp;<\/strong>Presidente dell\u2019Associazione Albergatori di Cortina \u2013&nbsp;<em>Con la sua capacit\u00e0 di avvicinare le persone, e non solo gli appassionati dello sci, sapr\u00e0 garantire una visibilit\u00e0 internazionale alla nostra citt\u00e0 e alle sue bellezze naturali, raccontando in Italia e all\u2019estero il grande rinnovamento che tutto il territorio sta vivendo in questi anni in vista dei Campionati del Mondo di sci: una riqualificazione dell&#8217;offerta turistica in generale e alberghiera nello specifico, per offrire un&#8217;accoglienza sempre pi\u00f9 attuale e competitiva sul mercato, con pi\u00f9 di un terzo delle strutture alberghiere di Cortina che stanno facendo importanti lavori di ristrutturazione e ammodernamento<\/em>\u201d<em>.<\/em><\/p>\n","protected":false},"excerpt":{"rendered":"<p>Sofia Goggia&nbsp;\u00e8 la&nbsp;nuova Ambassador dei Mondiali di Cortina 2021.&nbsp;L&#8217;olimpionica bergamasca \u00e8, da sempre, una grande amante della Regina delle Dolomiti e questo accordo \u00e8 il frutto naturale di un rapporto che si \u00e8 sempre pi\u00f9 evoluto negli ultimi anni. Ovviamente, in modo particolare con l&#8217;Olympia delle Tofane, la blasonata pista della Coppa del mondo femminile che sar\u00e0 protagonista anche nell&#8217;edizione&hellip;<\/p>\n","protected":false},"author":4,"featured_media":6426,"comment_status":"closed","ping_status":"open","sticky":false,"template":"","format":"standard","meta":{"_acf_changed":false,"footnotes":""},"categories":[454,13,14,15,19],"tags":[],"acf":[],"_links":{"self":[{"href":"https:\/\/comitati.fisi.org\/veneto\/wp-json\/wp\/v2\/posts\/6425"}],"collection":[{"href":"https:\/\/comitati.fisi.org\/veneto\/wp-json\/wp\/v2\/posts"}],"about":[{"href":"https:\/\/comitati.fisi.org\/veneto\/wp-json\/wp\/v2\/types\/post"}],"author":[{"embeddable":true,"href":"https:\/\/comitati.fisi.org\/veneto\/wp-json\/wp\/v2\/users\/4"}],"replies":[{"embeddable":true,"href":"https:\/\/comitati.fisi.org\/veneto\/wp-json\/wp\/v2\/comments?post=6425"}],"version-history":[{"count":0,"href":"https:\/\/comitati.fisi.org\/veneto\/wp-json\/wp\/v2\/posts\/6425\/revisions"}],"wp:featuredmedia":[{"embeddable":true,"href":"https:\/\/comitati.fisi.org\/veneto\/wp-json\/wp\/v2\/media\/6426"}],"wp:attachment":[{"href":"https:\/\/comitati.fisi.org\/veneto\/wp-json\/wp\/v2\/media?parent=6425"}],"wp:term":[{"taxonomy":"category","embeddable":true,"href":"https:\/\/comitati.fisi.org\/veneto\/wp-json\/wp\/v2\/categories?post=6425"},{"taxonomy":"post_tag","embeddable":true,"href":"https:\/\/comitati.fisi.org\/veneto\/wp-json\/wp\/v2\/tags?post=6425"}],"curies":[{"name":"wp","href":"https:\/\/api.w.org\/{rel}","templated":true}]}}