{"id":6416,"date":"2019-08-21T07:41:44","date_gmt":"2019-08-21T07:41:44","guid":{"rendered":"https:\/\/www.fisiveneto.com\/?p=6416"},"modified":"2019-08-21T07:41:44","modified_gmt":"2019-08-21T07:41:44","slug":"sci-derba-tambre-tricolore-il-7-e-8-settembre","status":"publish","type":"post","link":"https:\/\/comitati.fisi.org\/veneto\/blog\/2019\/08\/21\/sci-derba-tambre-tricolore-il-7-e-8-settembre\/","title":{"rendered":"Sci d&#8217;erba, Tambre tricolore il 7 e 8 settembre"},"content":{"rendered":"\n<p>Ancora una volta Tambre sar\u00e0 la capitale dello sci d&#8217;erba italiano. I prossimi 7 e 8 settembre la localit\u00e0 bellunese ospiter\u00e0 infatti i Campionati italiani e la finale del Talento Verde, il circuito dedicato ai giovanissimi. L&#8217;organizzazione \u00e8 di Grasski Team Bell1 e Slalom Ski. In allegato il dettaglio del programma. <\/p>\n\n\n\n<div class=\"wp-block-file\"><a href=\"http:\/\/comitati.fisi.org\/veneto\/wp-content\/uploads\/sites\/39\/2019\/08\/TAMBRE19.pdf\">TAMBRE19<\/a><a href=\"http:\/\/comitati.fisi.org\/veneto\/wp-content\/uploads\/sites\/39\/2019\/08\/TAMBRE19.pdf\" class=\"wp-block-file__button\" download>Download<\/a><\/div>\n\n\n\n<div class=\"wp-block-file\"><a href=\"http:\/\/comitati.fisi.org\/veneto\/wp-content\/uploads\/sites\/39\/2019\/08\/TAMBRE19INT.pdf\">TAMBRE19INT<\/a><a href=\"http:\/\/comitati.fisi.org\/veneto\/wp-content\/uploads\/sites\/39\/2019\/08\/TAMBRE19INT.pdf\" class=\"wp-block-file__button\" download>Download<\/a><\/div>\n","protected":false},"excerpt":{"rendered":"<p>Ancora una volta Tambre sar\u00e0 la capitale dello sci d&#8217;erba italiano. I prossimi 7 e 8 settembre la localit\u00e0 bellunese ospiter\u00e0 infatti i Campionati italiani e la finale del Talento Verde, il circuito dedicato ai giovanissimi. L&#8217;organizzazione \u00e8 di Grasski Team Bell1 e Slalom Ski. In allegato il dettaglio del programma.<\/p>\n","protected":false},"author":4,"featured_media":6318,"comment_status":"closed","ping_status":"open","sticky":false,"template":"","format":"standard","meta":{"_acf_changed":false,"footnotes":""},"categories":[9,58,252],"tags":[130,246,753,344,347],"acf":[],"_links":{"self":[{"href":"https:\/\/comitati.fisi.org\/veneto\/wp-json\/wp\/v2\/posts\/6416"}],"collection":[{"href":"https:\/\/comitati.fisi.org\/veneto\/wp-json\/wp\/v2\/posts"}],"about":[{"href":"https:\/\/comitati.fisi.org\/veneto\/wp-json\/wp\/v2\/types\/post"}],"author":[{"embeddable":true,"href":"https:\/\/comitati.fisi.org\/veneto\/wp-json\/wp\/v2\/users\/4"}],"replies":[{"embeddable":true,"href":"https:\/\/comitati.fisi.org\/veneto\/wp-json\/wp\/v2\/comments?post=6416"}],"version-history":[{"count":0,"href":"https:\/\/comitati.fisi.org\/veneto\/wp-json\/wp\/v2\/posts\/6416\/revisions"}],"wp:featuredmedia":[{"embeddable":true,"href":"https:\/\/comitati.fisi.org\/veneto\/wp-json\/wp\/v2\/media\/6318"}],"wp:attachment":[{"href":"https:\/\/comitati.fisi.org\/veneto\/wp-json\/wp\/v2\/media?parent=6416"}],"wp:term":[{"taxonomy":"category","embeddable":true,"href":"https:\/\/comitati.fisi.org\/veneto\/wp-json\/wp\/v2\/categories?post=6416"},{"taxonomy":"post_tag","embeddable":true,"href":"https:\/\/comitati.fisi.org\/veneto\/wp-json\/wp\/v2\/tags?post=6416"}],"curies":[{"name":"wp","href":"https:\/\/api.w.org\/{rel}","templated":true}]}}