{"id":6392,"date":"2019-08-12T14:39:12","date_gmt":"2019-08-12T14:39:12","guid":{"rendered":"https:\/\/www.fisiveneto.com\/?p=6392"},"modified":"2019-08-12T14:39:12","modified_gmt":"2019-08-12T14:39:12","slug":"comarella-e-scardoni-al-lavoro-in-norvegia","status":"publish","type":"post","link":"https:\/\/comitati.fisi.org\/veneto\/blog\/2019\/08\/12\/comarella-e-scardoni-al-lavoro-in-norvegia\/","title":{"rendered":"Comarella e Scardoni al lavoro in Norvegia"},"content":{"rendered":"\n<p>Raduno in Norvegia per Lucia Scardoni (foto) e Anna Comarella. La veronese, reduce dalle due medaglie ai Mondiali di skiroll di Madona, e la cortinese da oggi a marted\u00ec 20 agosto lavoreranno a  Trondheim con  Federico Pellegrino, Francesco De Fabiani,  Giandomenico Salvadori, Maicol Rastelli, Stefan Zelger, Elisa Brocard, Greta Laurent e Caterina Ganz. I  tecnici sono Stefano Saracco e Simone Paredi. Alcuni degli azzurri parteciperanno ad una serie di competizioni valide per la &#8220;ToppldrettSveka&#8221;, che prevedono una mass start sui 47 km TC gioved\u00ec 22 agosto, una mass start sui 25 km skating il giorno successivo, durante il quale si svolger\u00e0 anche una sprint skating, mentre sabato 24 agosto si disputer\u00e0 un inseguimento sui 15 km in classico.  <\/p>\n\n\n\n<p><\/p>\n\n\n\n<p><\/p>\n","protected":false},"excerpt":{"rendered":"<p>Raduno in Norvegia per Lucia Scardoni (foto) e Anna Comarella. La veronese, reduce dalle due medaglie ai Mondiali di skiroll di Madona, e la cortinese da oggi a marted\u00ec 20 agosto lavoreranno a Trondheim con Federico Pellegrino, Francesco De Fabiani, Giandomenico Salvadori, Maicol Rastelli, Stefan Zelger, Elisa Brocard, Greta Laurent e Caterina Ganz. I tecnici sono Stefano Saracco e Simone&hellip;<\/p>\n","protected":false},"author":4,"featured_media":6354,"comment_status":"closed","ping_status":"open","sticky":false,"template":"","format":"standard","meta":{"_acf_changed":false,"footnotes":""},"categories":[23,258],"tags":[28,412],"acf":[],"_links":{"self":[{"href":"https:\/\/comitati.fisi.org\/veneto\/wp-json\/wp\/v2\/posts\/6392"}],"collection":[{"href":"https:\/\/comitati.fisi.org\/veneto\/wp-json\/wp\/v2\/posts"}],"about":[{"href":"https:\/\/comitati.fisi.org\/veneto\/wp-json\/wp\/v2\/types\/post"}],"author":[{"embeddable":true,"href":"https:\/\/comitati.fisi.org\/veneto\/wp-json\/wp\/v2\/users\/4"}],"replies":[{"embeddable":true,"href":"https:\/\/comitati.fisi.org\/veneto\/wp-json\/wp\/v2\/comments?post=6392"}],"version-history":[{"count":0,"href":"https:\/\/comitati.fisi.org\/veneto\/wp-json\/wp\/v2\/posts\/6392\/revisions"}],"wp:featuredmedia":[{"embeddable":true,"href":"https:\/\/comitati.fisi.org\/veneto\/wp-json\/wp\/v2\/media\/6354"}],"wp:attachment":[{"href":"https:\/\/comitati.fisi.org\/veneto\/wp-json\/wp\/v2\/media?parent=6392"}],"wp:term":[{"taxonomy":"category","embeddable":true,"href":"https:\/\/comitati.fisi.org\/veneto\/wp-json\/wp\/v2\/categories?post=6392"},{"taxonomy":"post_tag","embeddable":true,"href":"https:\/\/comitati.fisi.org\/veneto\/wp-json\/wp\/v2\/tags?post=6392"}],"curies":[{"name":"wp","href":"https:\/\/api.w.org\/{rel}","templated":true}]}}