{"id":6389,"date":"2019-08-12T09:37:30","date_gmt":"2019-08-12T09:37:30","guid":{"rendered":"https:\/\/www.fisiveneto.com\/?p=6389"},"modified":"2019-08-12T09:37:30","modified_gmt":"2019-08-12T09:37:30","slug":"sci-derba-bravi-i-ragazzi-di-grasski-team-bell1-nella-fis-grasski-children-cup","status":"publish","type":"post","link":"https:\/\/comitati.fisi.org\/veneto\/blog\/2019\/08\/12\/sci-derba-bravi-i-ragazzi-di-grasski-team-bell1-nella-fis-grasski-children-cup\/","title":{"rendered":"Sci d&#8217;erba, bravi i ragazzi di Grasski team Bell1 nella Fis grasski children cup"},"content":{"rendered":"\n<p>Ottimo comportamento per i ragazzi del progetto Grasski Bell1 nell&#8217;edizione 2019 della Fis grasski children cup, circuito internazionale dello sci d&#8217;erba dedicato ai giovanissimi che si \u00e8 concluso ieri, domenica 11 agosto, dopo quattro appuntamenti: Marbachegg (Svizzera), Schwarzenbach (Austria), Passo della Presolana (Bergamo) e Ehrenfriedersdorf (Germania). Nella classifica generale finale della categoria Under 16, Roberto Cerentin (Slalom ski) ha conquistato il quinto posto, Nicol\u00f2 Pettini (Ski College Veneto Falcade) l&#8217;ottavo, Otto Pasini (Uoei Treviso) il nono e Michael Bertagno (Slalom ski) il decimo. I ragazzi di Grasski Bell1 sono stati brillanti protagonisti anche dell&#8217;ultima tappa, quella di Ehrenfriedersdorf. Cos\u00ec in gigante: 6. Roberto Cerentin; 7. Otto Pasini; 8. Nicol\u00f2 Pettini. Cos\u00ec invece in slalom: 2. Roberto Cerentin; 4. Michael Bertagno; 5. Otto Pasini; 6. Nicol\u00f2 Pettini. <br><\/p>\n","protected":false},"excerpt":{"rendered":"<p>Ottimo comportamento per i ragazzi del progetto Grasski Bell1 nell&#8217;edizione 2019 della Fis grasski children cup, circuito internazionale dello sci d&#8217;erba dedicato ai giovanissimi che si \u00e8 concluso ieri, domenica 11 agosto, dopo quattro appuntamenti: Marbachegg (Svizzera), Schwarzenbach (Austria), Passo della Presolana (Bergamo) e Ehrenfriedersdorf (Germania). Nella classifica generale finale della categoria Under 16, Roberto Cerentin (Slalom ski) ha conquistato&hellip;<\/p>\n","protected":false},"author":4,"featured_media":6390,"comment_status":"closed","ping_status":"open","sticky":false,"template":"","format":"standard","meta":{"_acf_changed":false,"footnotes":""},"categories":[9,252],"tags":[],"acf":[],"_links":{"self":[{"href":"https:\/\/comitati.fisi.org\/veneto\/wp-json\/wp\/v2\/posts\/6389"}],"collection":[{"href":"https:\/\/comitati.fisi.org\/veneto\/wp-json\/wp\/v2\/posts"}],"about":[{"href":"https:\/\/comitati.fisi.org\/veneto\/wp-json\/wp\/v2\/types\/post"}],"author":[{"embeddable":true,"href":"https:\/\/comitati.fisi.org\/veneto\/wp-json\/wp\/v2\/users\/4"}],"replies":[{"embeddable":true,"href":"https:\/\/comitati.fisi.org\/veneto\/wp-json\/wp\/v2\/comments?post=6389"}],"version-history":[{"count":0,"href":"https:\/\/comitati.fisi.org\/veneto\/wp-json\/wp\/v2\/posts\/6389\/revisions"}],"wp:featuredmedia":[{"embeddable":true,"href":"https:\/\/comitati.fisi.org\/veneto\/wp-json\/wp\/v2\/media\/6390"}],"wp:attachment":[{"href":"https:\/\/comitati.fisi.org\/veneto\/wp-json\/wp\/v2\/media?parent=6389"}],"wp:term":[{"taxonomy":"category","embeddable":true,"href":"https:\/\/comitati.fisi.org\/veneto\/wp-json\/wp\/v2\/categories?post=6389"},{"taxonomy":"post_tag","embeddable":true,"href":"https:\/\/comitati.fisi.org\/veneto\/wp-json\/wp\/v2\/tags?post=6389"}],"curies":[{"name":"wp","href":"https:\/\/api.w.org\/{rel}","templated":true}]}}