{"id":6333,"date":"2019-08-05T13:26:47","date_gmt":"2019-08-05T13:26:47","guid":{"rendered":"https:\/\/www.fisiveneto.com\/?p=6333"},"modified":"2019-08-05T13:26:47","modified_gmt":"2019-08-05T13:26:47","slug":"skiroll-un-raduno-regionale-giovanile-il-22-settembre","status":"publish","type":"post","link":"https:\/\/comitati.fisi.org\/veneto\/blog\/2019\/08\/05\/skiroll-un-raduno-regionale-giovanile-il-22-settembre\/","title":{"rendered":"Skiroll, un raduno regionale giovanile il 22 settembre"},"content":{"rendered":"\n<p>Il comitato veneto in collaborazione con il comitato provinciale di Treviso  organizza per domenica 22 settembre 2019 un raduno per le categorie Baby, Cuccioli e Ragazzi. Al raduno, che si terr\u00e0 in zona Montebelluna, su un&#8217;area chiusa al traffico, sar\u00e0 presente il commissario tecnico della nazionale di skiroll Michael Rainer assieme ad altri tecnici federali. Il raduno avr\u00e0 inizio la mattina e terminer\u00e0 il pomeriggio di domenica. Appena il programma sar\u00e0 messo a punto ne daremo comunicazione.\u00a0<\/p>\n","protected":false},"excerpt":{"rendered":"<p>Il comitato veneto in collaborazione con il comitato provinciale di Treviso organizza per domenica 22 settembre 2019 un raduno per le categorie Baby, Cuccioli e Ragazzi. Al raduno, che si terr\u00e0 in zona Montebelluna, su un&#8217;area chiusa al traffico, sar\u00e0 presente il commissario tecnico della nazionale di skiroll Michael Rainer assieme ad altri tecnici federali. Il raduno avr\u00e0 inizio la&hellip;<\/p>\n","protected":false},"author":4,"featured_media":2991,"comment_status":"closed","ping_status":"open","sticky":false,"template":"","format":"standard","meta":{"_acf_changed":false,"footnotes":""},"categories":[258,323,339],"tags":[],"acf":[],"_links":{"self":[{"href":"https:\/\/comitati.fisi.org\/veneto\/wp-json\/wp\/v2\/posts\/6333"}],"collection":[{"href":"https:\/\/comitati.fisi.org\/veneto\/wp-json\/wp\/v2\/posts"}],"about":[{"href":"https:\/\/comitati.fisi.org\/veneto\/wp-json\/wp\/v2\/types\/post"}],"author":[{"embeddable":true,"href":"https:\/\/comitati.fisi.org\/veneto\/wp-json\/wp\/v2\/users\/4"}],"replies":[{"embeddable":true,"href":"https:\/\/comitati.fisi.org\/veneto\/wp-json\/wp\/v2\/comments?post=6333"}],"version-history":[{"count":0,"href":"https:\/\/comitati.fisi.org\/veneto\/wp-json\/wp\/v2\/posts\/6333\/revisions"}],"wp:featuredmedia":[{"embeddable":true,"href":"https:\/\/comitati.fisi.org\/veneto\/wp-json\/wp\/v2\/media\/2991"}],"wp:attachment":[{"href":"https:\/\/comitati.fisi.org\/veneto\/wp-json\/wp\/v2\/media?parent=6333"}],"wp:term":[{"taxonomy":"category","embeddable":true,"href":"https:\/\/comitati.fisi.org\/veneto\/wp-json\/wp\/v2\/categories?post=6333"},{"taxonomy":"post_tag","embeddable":true,"href":"https:\/\/comitati.fisi.org\/veneto\/wp-json\/wp\/v2\/tags?post=6333"}],"curies":[{"name":"wp","href":"https:\/\/api.w.org\/{rel}","templated":true}]}}