{"id":6275,"date":"2019-07-27T09:45:31","date_gmt":"2019-07-27T09:45:31","guid":{"rendered":"https:\/\/www.fisiveneto.com\/?p=6275"},"modified":"2019-07-27T09:45:31","modified_gmt":"2019-07-27T09:45:31","slug":"saviane-e-ferrighetto-ai-mondiali-juniores","status":"publish","type":"post","link":"https:\/\/comitati.fisi.org\/veneto\/blog\/2019\/07\/27\/saviane-e-ferrighetto-ai-mondiali-juniores\/","title":{"rendered":"Saviane, Ferrighetto e Nieddu ai Mondiali Juniores"},"content":{"rendered":"\n<p>Sono undici gli azzurrini convocati dal l&#8217;allenatore responsabile <strong>Fausto Cerentin<\/strong> per i Mondiali juniores in programma nella localit\u00e0 ceca di Stitna Nad Vlari dal 31 luglio al 3 agosto. Si tratta di <strong>Davide Saviane<\/strong>, Andrea Binelli, Nicol\u00f2 Libardoni, Filippo Zamboni, Daniele Buio, Nicol\u00f2 Schiavetti, Alessandro Martinelli, Marco Combi, Chiara Milesi, <strong>Monica Ferrighetto<\/strong> e Federica Milesi. Extra contingente anche un altro atleta regionale <strong>Davide Nieddu<\/strong>. Presenti anche gli allenatori Roberto Parisi e Mauro Martini. Il programma si aprir\u00e0 mercoled\u00ec con la disputa dei giganti, seguiti gioved\u00ec dai supergiganti, venerd\u00ec dalla supercombinata e sabato dagli slalom. La squadra italiana difende le quattro medaglie conquistate nell&#8217;edizione 2018 di Montecampione con lo stesso Saviane (argento in supercombinata e slalom bronzo in supergigante) e Daniele Buio (bronzo in slalom).\u00a0<\/p>\n\n\n\n<p>Il programma dei Mondiali juniores di Stitna nad Vlari (Cze):<br>31\/07\/19 &#8211; GS maschile e femminile &#8211; ore 10.30 e 14.45<br>01\/08\/19 &#8211; SG maschile e femminile &#8211; ore 13.45<br>02\/08\/19 &#8211; SC maschile e femminile &#8211; ore 10.45 e 14.30<br>03\/08\/19 &#8211; SL maschile e femminile &#8211; ore 10.30 e 14.00\n\n<\/p>\n","protected":false},"excerpt":{"rendered":"<p>Sono undici gli azzurrini convocati dal l&#8217;allenatore responsabile Fausto Cerentin per i Mondiali juniores in programma nella localit\u00e0 ceca di Stitna Nad Vlari dal 31 luglio al 3 agosto. Si tratta di Davide Saviane, Andrea Binelli, Nicol\u00f2 Libardoni, Filippo Zamboni, Daniele Buio, Nicol\u00f2 Schiavetti, Alessandro Martinelli, Marco Combi, Chiara Milesi, Monica Ferrighetto e Federica Milesi. Extra contingente anche un altro&hellip;<\/p>\n","protected":false},"author":4,"featured_media":2991,"comment_status":"closed","ping_status":"open","sticky":false,"template":"","format":"standard","meta":{"_acf_changed":false,"footnotes":""},"categories":[9,611,252],"tags":[746,594,245,723],"acf":[],"_links":{"self":[{"href":"https:\/\/comitati.fisi.org\/veneto\/wp-json\/wp\/v2\/posts\/6275"}],"collection":[{"href":"https:\/\/comitati.fisi.org\/veneto\/wp-json\/wp\/v2\/posts"}],"about":[{"href":"https:\/\/comitati.fisi.org\/veneto\/wp-json\/wp\/v2\/types\/post"}],"author":[{"embeddable":true,"href":"https:\/\/comitati.fisi.org\/veneto\/wp-json\/wp\/v2\/users\/4"}],"replies":[{"embeddable":true,"href":"https:\/\/comitati.fisi.org\/veneto\/wp-json\/wp\/v2\/comments?post=6275"}],"version-history":[{"count":0,"href":"https:\/\/comitati.fisi.org\/veneto\/wp-json\/wp\/v2\/posts\/6275\/revisions"}],"wp:featuredmedia":[{"embeddable":true,"href":"https:\/\/comitati.fisi.org\/veneto\/wp-json\/wp\/v2\/media\/2991"}],"wp:attachment":[{"href":"https:\/\/comitati.fisi.org\/veneto\/wp-json\/wp\/v2\/media?parent=6275"}],"wp:term":[{"taxonomy":"category","embeddable":true,"href":"https:\/\/comitati.fisi.org\/veneto\/wp-json\/wp\/v2\/categories?post=6275"},{"taxonomy":"post_tag","embeddable":true,"href":"https:\/\/comitati.fisi.org\/veneto\/wp-json\/wp\/v2\/tags?post=6275"}],"curies":[{"name":"wp","href":"https:\/\/api.w.org\/{rel}","templated":true}]}}