{"id":6265,"date":"2019-07-23T12:52:00","date_gmt":"2019-07-23T12:52:00","guid":{"rendered":"https:\/\/www.fisiveneto.com\/?p=6265"},"modified":"2019-07-23T12:52:00","modified_gmt":"2019-07-23T12:52:00","slug":"fondazione-cortina-2021-incontra-il-territorio","status":"publish","type":"post","link":"https:\/\/comitati.fisi.org\/veneto\/blog\/2019\/07\/23\/fondazione-cortina-2021-incontra-il-territorio\/","title":{"rendered":"Fondazione Cortina 2021 incontra il territorio"},"content":{"rendered":"\n<p>Un vero e proprio\u00a0<strong>roadshow<\/strong>\u00a0per\u00a0<strong>illustrare ad amministratori pubblici, imprenditori e cittadini<\/strong>\u00a0il\u00a0<strong>grande lavoro<\/strong>\u00a0che\u00a0<strong>Fondazione Cortina 2021<\/strong>\u00a0porta avanti\u00a0<strong>su tutto il territorio dolomitico e sulla provincia bellunese<\/strong>\u00a0in vista dei prossimi Campionati del Mondo di sci alpino, anche al di fuori di Cortina d\u2019Ampezzo.<\/p>\n\n\n\n<p>\u00c8 questo lo spirito degli incontri in programma&nbsp;<strong>mercoled\u00ec 24 luglio ore 21.00&nbsp;<\/strong>al Museo Vittorino Cazzetta di&nbsp;<strong>Selva di Cadore<\/strong>&nbsp;e&nbsp;<strong>gioved\u00ec 25 luglio ore 21.00&nbsp;<\/strong>all\u2019Auditorium Cos.Mo. di<strong>&nbsp;Pieve di Cadore<\/strong>, promossi dalla stessa Fondazione e patrocinati dalle rispettive Amministrazioni comunali.<\/p>\n\n\n\n<p>A incontrare la cittadinanza e le istituzioni sar\u00e0, il 24 luglio a Selva, l\u2019<strong>Amministratore Delegato di Fondazione Cortina 2021 Valerio Giacobbi<\/strong>, in un rendez-vous organizzato da Enrico Belli, Direttore del sito VacanzeDolomiti.com. La sera del 25 luglio a Pieve, invece, vedr\u00e0 la partecipazione del&nbsp;<strong>Sindaco di Cortina d\u2019Ampezzo Gianpietro Ghedina<\/strong>, dell\u2019<strong>AD di Fondazione Valerio Giacobbi&nbsp;<\/strong>e degli atleti delle associazioni sportive locali.<\/p>\n\n\n\n<p>I due appuntamenti saranno l\u2019occasione per coinvolgere il territorio e condividere con stakeholder e amministrazioni locali le opportunit\u00e0 legate al grande progetto di Cortina 2021. Sono tantissime, infatti, le novit\u00e0 che stanno interessando le Dolomiti e la montagna veneta in questi anni di avvicinamento al traguardo iridato:&nbsp;<strong>investimenti pubblici e privati<\/strong>, nuove&nbsp;<strong>infrastrutture<\/strong>,&nbsp;<strong>soluzioni innovative e sostenibili per la viabilit\u00e0<\/strong>, ma anche un forte&nbsp;<strong>rinnovamento dell\u2019hospitality<\/strong>&nbsp;e una nuova&nbsp;<strong>attenzione internazionale<\/strong>&nbsp;verso questo straordinario territorio.<\/p>\n\n\n\n<p>\u00c8 l\u2019<strong>effetto Cortina 2021<\/strong>, un insieme di&nbsp;<strong>opere, innovazioni, trasformazioni<\/strong>&nbsp;che sono state innescate dal grande obiettivo dei prossimi Campionati del Mondo, ma che resteranno come&nbsp;<strong>legacy materiale<\/strong>&nbsp;duratura anche dopo l\u2019evento iridato. Accanto a tutto questo, l\u2019organizzazione del grande appuntamento sportivo sta richiamando sul territorio&nbsp;<strong>professionalit\u00e0<\/strong>&nbsp;e&nbsp;<strong>know-how<\/strong>, sta formando&nbsp;<strong>giovani talenti<\/strong>&nbsp;e continua a&nbsp;<strong>creare lavoro<\/strong>&nbsp;qualificato: un\u2019eredit\u00e0 immateriale che porta nuovo sviluppo economico e sociale a beneficio delle comunit\u00e0 locali.<\/p>\n\n\n\n<p><strong>Fondazione Cortina 2021<\/strong>&nbsp;svolge cos\u00ec il proprio ruolo di&nbsp;<strong>facilitatore delle reti territoriali esistenti<\/strong>&nbsp;e di&nbsp;<strong>promotore di partnership<\/strong>&nbsp;a favore di tutto territorio, in un\u2019onda lunga che andr\u00e0 al di l\u00e0 dell\u2019evento iridato e sar\u00e0 funzionale a un ulteriore sviluppo turistico e valorizzazione di tutte le Dolomiti.\n\n<\/p>\n","protected":false},"excerpt":{"rendered":"<p>Un vero e proprio\u00a0roadshow\u00a0per\u00a0illustrare ad amministratori pubblici, imprenditori e cittadini\u00a0il\u00a0grande lavoro\u00a0che\u00a0Fondazione Cortina 2021\u00a0porta avanti\u00a0su tutto il territorio dolomitico e sulla provincia bellunese\u00a0in vista dei prossimi Campionati del Mondo di sci alpino, anche al di fuori di Cortina d\u2019Ampezzo. \u00c8 questo lo spirito degli incontri in programma&nbsp;mercoled\u00ec 24 luglio ore 21.00&nbsp;al Museo Vittorino Cazzetta di&nbsp;Selva di Cadore&nbsp;e&nbsp;gioved\u00ec 25 luglio ore 21.00&nbsp;all\u2019Auditorium&hellip;<\/p>\n","protected":false},"author":4,"featured_media":4011,"comment_status":"closed","ping_status":"open","sticky":false,"template":"","format":"standard","meta":{"_acf_changed":false,"footnotes":""},"categories":[135,454,62,360,13,14,15],"tags":[],"acf":[],"_links":{"self":[{"href":"https:\/\/comitati.fisi.org\/veneto\/wp-json\/wp\/v2\/posts\/6265"}],"collection":[{"href":"https:\/\/comitati.fisi.org\/veneto\/wp-json\/wp\/v2\/posts"}],"about":[{"href":"https:\/\/comitati.fisi.org\/veneto\/wp-json\/wp\/v2\/types\/post"}],"author":[{"embeddable":true,"href":"https:\/\/comitati.fisi.org\/veneto\/wp-json\/wp\/v2\/users\/4"}],"replies":[{"embeddable":true,"href":"https:\/\/comitati.fisi.org\/veneto\/wp-json\/wp\/v2\/comments?post=6265"}],"version-history":[{"count":0,"href":"https:\/\/comitati.fisi.org\/veneto\/wp-json\/wp\/v2\/posts\/6265\/revisions"}],"wp:featuredmedia":[{"embeddable":true,"href":"https:\/\/comitati.fisi.org\/veneto\/wp-json\/wp\/v2\/media\/4011"}],"wp:attachment":[{"href":"https:\/\/comitati.fisi.org\/veneto\/wp-json\/wp\/v2\/media?parent=6265"}],"wp:term":[{"taxonomy":"category","embeddable":true,"href":"https:\/\/comitati.fisi.org\/veneto\/wp-json\/wp\/v2\/categories?post=6265"},{"taxonomy":"post_tag","embeddable":true,"href":"https:\/\/comitati.fisi.org\/veneto\/wp-json\/wp\/v2\/tags?post=6265"}],"curies":[{"name":"wp","href":"https:\/\/api.w.org\/{rel}","templated":true}]}}