{"id":6195,"date":"2019-07-03T16:26:43","date_gmt":"2019-07-03T16:26:43","guid":{"rendered":"http:\/\/www.fisiveneto.com\/?p=6195"},"modified":"2019-07-03T16:26:43","modified_gmt":"2019-07-03T16:26:43","slug":"sci-derba-ecco-gli-azzurri-per-la-coppa-del-mondo-di-cortina","status":"publish","type":"post","link":"https:\/\/comitati.fisi.org\/veneto\/blog\/2019\/07\/03\/sci-derba-ecco-gli-azzurri-per-la-coppa-del-mondo-di-cortina\/","title":{"rendered":"Sci d&#8217;erba, ecco gli azzurri per la Coppa del mondo di Cortina"},"content":{"rendered":"\n<p>Il circuito della Coppa del Mondo di sci d&#8217;erba celebra questa settimana la terza tappa stagionale dopo Rettenbach (Austria) e Predklasteri (Repubblica), approdando in Italia per la prima volta nella localit\u00e0 di Cortina d&#8217;Ampezzo, per un ideale ponte che porta verso la rassegna iridata dello sci alpino in programma nel 2021. La Federazione Internazionale ha fissato per questa occasione due slalom fra sabato 6 luglio (ore 10.00 e 13.00) e domenica 7 luglio (ore 10.00 e 13.00). Ventuno atleti convocati dal direttore tecnico <strong>Fausto Cerentin<\/strong> (nella foto ai Mondiali di Tambre 2015): al cancelletto di partenza ci saranno Mattia Arrigoni, Lorenzo Gritti, Filippo Zamboni, Andrea Binelli, Daniele Buio, Alessandro Martinelli, <strong>Jacopo Facchin<\/strong>, Pietro Guerini, Nicholas Anziutti, Marco Combi, Nicol\u00f2 Schiavetti, Edoardo Frau, <strong>Davide Saviane<\/strong>, Alberto Bleynat, Fabrizio Rottigni, Nicol\u00f2 Libardoni fra gli uomini e\u00a0Antonella Manzoni, <strong>Margherita Mazzoncini<\/strong>, <strong>Monica Ferrighetto<\/strong>,\u00a0Chiara Milesi e Federica Milesi fra le donne. La squadra azzurra sinora ha conquistato otto podi complessivi ed occupa con Frau il secondo posto nella classifica generale maschile ed il terzo con Antonella Manzoni in campo femminile. <\/p>\n\n\n\n<p> \u00abSaremo al completo, schierando le ragazze e i ragazzi dei gruppi A e B ma anche i pi\u00f9 giovani, quelli del gruppo osservati\u00bb dice Cerentin. \u00abCortina rappresenta una bella novit\u00e0 per lo sci d&#8217;erba: ci auguriamo che dopo questo &#8220;esordio&#8221; qui si possano organizzare tanti altri eventi perch\u00e9 una localit\u00e0 cos\u00ec prestigiosa potrebbe rappresentare una bella occasione di promozione per la nostra disciplina. Per quanto riguarda l&#8217;imminente fine settimana l&#8217;auspicio \u00e8 che possa farci fare il cambio di passo: finora in Coppa siamo stati discreti ma senza super risultati. Sarebbe bello cominciare proprio dalla tappa in casa ad essere in linea con i risultati degli anni scorsi\u00bb <\/p>\n","protected":false},"excerpt":{"rendered":"<p>Il circuito della Coppa del Mondo di sci d&#8217;erba celebra questa settimana la terza tappa stagionale dopo Rettenbach (Austria) e Predklasteri (Repubblica), approdando in Italia per la prima volta nella localit\u00e0 di Cortina d&#8217;Ampezzo, per un ideale ponte che porta verso la rassegna iridata dello sci alpino in programma nel 2021. La Federazione Internazionale ha fissato per questa occasione due&hellip;<\/p>\n","protected":false},"author":4,"featured_media":5708,"comment_status":"closed","ping_status":"open","sticky":false,"template":"","format":"standard","meta":{"_acf_changed":false,"footnotes":""},"categories":[9,13,14,15,252],"tags":[],"acf":[],"_links":{"self":[{"href":"https:\/\/comitati.fisi.org\/veneto\/wp-json\/wp\/v2\/posts\/6195"}],"collection":[{"href":"https:\/\/comitati.fisi.org\/veneto\/wp-json\/wp\/v2\/posts"}],"about":[{"href":"https:\/\/comitati.fisi.org\/veneto\/wp-json\/wp\/v2\/types\/post"}],"author":[{"embeddable":true,"href":"https:\/\/comitati.fisi.org\/veneto\/wp-json\/wp\/v2\/users\/4"}],"replies":[{"embeddable":true,"href":"https:\/\/comitati.fisi.org\/veneto\/wp-json\/wp\/v2\/comments?post=6195"}],"version-history":[{"count":0,"href":"https:\/\/comitati.fisi.org\/veneto\/wp-json\/wp\/v2\/posts\/6195\/revisions"}],"wp:featuredmedia":[{"embeddable":true,"href":"https:\/\/comitati.fisi.org\/veneto\/wp-json\/wp\/v2\/media\/5708"}],"wp:attachment":[{"href":"https:\/\/comitati.fisi.org\/veneto\/wp-json\/wp\/v2\/media?parent=6195"}],"wp:term":[{"taxonomy":"category","embeddable":true,"href":"https:\/\/comitati.fisi.org\/veneto\/wp-json\/wp\/v2\/categories?post=6195"},{"taxonomy":"post_tag","embeddable":true,"href":"https:\/\/comitati.fisi.org\/veneto\/wp-json\/wp\/v2\/tags?post=6195"}],"curies":[{"name":"wp","href":"https:\/\/api.w.org\/{rel}","templated":true}]}}