{"id":6148,"date":"2019-06-22T14:04:15","date_gmt":"2019-06-22T14:04:15","guid":{"rendered":"http:\/\/www.fisiveneto.com\/?p=6148"},"modified":"2019-06-22T14:04:15","modified_gmt":"2019-06-22T14:04:15","slug":"ore-decisive-a-losanna-per-milano-cortina-2026-orari-numeri-diretta-tv-e-streaming-della-giornata","status":"publish","type":"post","link":"https:\/\/comitati.fisi.org\/veneto\/blog\/2019\/06\/22\/ore-decisive-a-losanna-per-milano-cortina-2026-orari-numeri-diretta-tv-e-streaming-della-giornata\/","title":{"rendered":"Ore decisive a Losanna per Milano-Cortina 2026: orari, numeri, diretta tv e streaming della giornata"},"content":{"rendered":"\n<p>Ultime ore di riflessione per i membri del CIO convocati in vista della 184sima sessione nella citt\u00e0 svizzera di Losanna, chiamati a votare luned\u00ec 24 giugno la localit\u00e0 che ospiter\u00e0 la 25sima edizione delle Olimpiadi Invernali. In corsa Milano-Cortina da una parte e Are-Stoccolma dall&#8217;altra, con l&#8217;Italia che sogna di diventare il centro del mondo sportivo per la terza volta dopo Cortina 1956 e Torno 2006. Saranno 16 i campioni fra olimpici e paralimpici che la spedizione azzurra presenter\u00e0 per sostenre la propria candidatura: Alberto Tomba, Armin Zoeggeler, Federico Pellegrino, Michela Moioli, Sofia Goggia, Elisa Confortola, Arianna Fontana, Giacomo Bertagnolli, Manuela Di Centa e Francesca Porcellato rappresenteranno le discipline invrnali, mentre Carlo Mornati, Antonio Rossi, Giuseppe Abbagnale, Aldo Montano, Alessandra Sensini e Diana Bianchedi. In tutto saranno rappresentate 66 medaglie olimpiche e paralimpiche, fra cui 24 d&#8217;oro, 17 d&#8217;argento e 25 di bronzo. In loro compagnia il presidente del Consiglio dei Ministri Giuseppe Conte, il Presidente del CONI Giovanni Malag\u00f2, il Presidente FISI Flavio Roda, il Presidente della Regione Lombardia Attilio Fontana, il Presidente della Regione Veneto Luca Zaia, il sindaco di Milano Giuseppe Sala e il sindaco di Cortina Gianpietro Ghedina.\u00a0<\/p>\n\n\n\n<p>Il Presidente Malag\u00f2, in qualit\u00e0 di membro CIO al pari di Franco Carraro e Ivo Ferriani, non potr\u00e0 prendere parte alla votazione, cos\u00ec come non voteranno i colleghi svedesi Stefan Holm e Gunilla Lindberg e il presidente CIO Thomas Bach, mentre saranno assenti il kuwaitiano Ahmad Al Sabah, l&#8217;irlandese Patrick Hickey, il namibiano Frank Fredericks. Annunciate le ulteriori assenze del Granduca di Lussemburgo Henry, del principe ereditario del Bhutan, Jigyel Ugyen Wangchuck e della tiratrice slovacca Danka Bartekova, che fanno scendere i votanti a quota 83 (su 95 membri CIO) e di conseguenza il quorum a 42 voti, il pi\u00f9 basso negli ultimi 40 anni.&nbsp;<\/p>\n\n\n\n<p>Luned\u00ec 24 giugno ci sar\u00e0 la possibilit\u00e0 di seguire via streaming integralmente la lunga giornata elvetica grazie al segnale messo a disposizione da Olympic Channel, collegandosi al link&nbsp;<a href=\"https:\/\/www.coni.it\/it\/134th-ioc-session\">https:\/\/www.coni.it\/it\/134th-ioc-session<\/a>(visibile ulteriormente tramite apposito banner), oppure su RaiDue a partire dalle ore 17.45. Anche piazza Angelo Di Bona a Cortina d&#8217;Ampezzo, si trasformer\u00e0 in una sede distaccata di Losanna, grazie ad un collegamento diretto con Losanna, tramite un maxischermo, per seguire il momento della proclamazione. Il tutto in compagnia di Costantino Ughi e Mattia Variola, componenti della squadra di Coppa del mondo di bob su pista artificiale.&nbsp;<br><br><strong>Il programma della giornata di luned\u00ec 24 giugno:<\/strong><br>Ore 09.00 &#8211; Presentazione tecnica Are-Stoccolma<br>Ore 10.45 &#8211; Presentazione tecnica Milano-Cortina &nbsp;<br>Ore 13.45 &#8211; Apertura ufficiale Sessione CIO<br>Ore 14.00 &#8211; Presentazione definitiva candidatura Are-Stoccolma<br>Ore 14.45 &#8211; Presentazione definitiva candidatura Milano-Cortina<br>Ore 16.00 &#8211; Votazione<br>Ore 18.00 &#8211; Annuncio ufficiale della vincitrice\n\n<\/p>\n","protected":false},"excerpt":{"rendered":"<p>Ultime ore di riflessione per i membri del CIO convocati in vista della 184sima sessione nella citt\u00e0 svizzera di Losanna, chiamati a votare luned\u00ec 24 giugno la localit\u00e0 che ospiter\u00e0 la 25sima edizione delle Olimpiadi Invernali. In corsa Milano-Cortina da una parte e Are-Stoccolma dall&#8217;altra, con l&#8217;Italia che sogna di diventare il centro del mondo sportivo per la terza volta&hellip;<\/p>\n","protected":false},"author":4,"featured_media":6149,"comment_status":"closed","ping_status":"open","sticky":false,"template":"","format":"standard","meta":{"_acf_changed":false,"footnotes":""},"categories":[62,360,13,14,339],"tags":[742,419],"acf":[],"_links":{"self":[{"href":"https:\/\/comitati.fisi.org\/veneto\/wp-json\/wp\/v2\/posts\/6148"}],"collection":[{"href":"https:\/\/comitati.fisi.org\/veneto\/wp-json\/wp\/v2\/posts"}],"about":[{"href":"https:\/\/comitati.fisi.org\/veneto\/wp-json\/wp\/v2\/types\/post"}],"author":[{"embeddable":true,"href":"https:\/\/comitati.fisi.org\/veneto\/wp-json\/wp\/v2\/users\/4"}],"replies":[{"embeddable":true,"href":"https:\/\/comitati.fisi.org\/veneto\/wp-json\/wp\/v2\/comments?post=6148"}],"version-history":[{"count":0,"href":"https:\/\/comitati.fisi.org\/veneto\/wp-json\/wp\/v2\/posts\/6148\/revisions"}],"wp:featuredmedia":[{"embeddable":true,"href":"https:\/\/comitati.fisi.org\/veneto\/wp-json\/wp\/v2\/media\/6149"}],"wp:attachment":[{"href":"https:\/\/comitati.fisi.org\/veneto\/wp-json\/wp\/v2\/media?parent=6148"}],"wp:term":[{"taxonomy":"category","embeddable":true,"href":"https:\/\/comitati.fisi.org\/veneto\/wp-json\/wp\/v2\/categories?post=6148"},{"taxonomy":"post_tag","embeddable":true,"href":"https:\/\/comitati.fisi.org\/veneto\/wp-json\/wp\/v2\/tags?post=6148"}],"curies":[{"name":"wp","href":"https:\/\/api.w.org\/{rel}","templated":true}]}}