{"id":6121,"date":"2019-06-14T13:41:40","date_gmt":"2019-06-14T13:41:40","guid":{"rendered":"http:\/\/www.fisiveneto.com\/?p=6121"},"modified":"2019-06-14T13:41:40","modified_gmt":"2019-06-14T13:41:40","slug":"ecco-il-nuovo-consiglio-di-amministrazione-dello-ski-college-veneto-di-falcade","status":"publish","type":"post","link":"https:\/\/comitati.fisi.org\/veneto\/blog\/2019\/06\/14\/ecco-il-nuovo-consiglio-di-amministrazione-dello-ski-college-veneto-di-falcade\/","title":{"rendered":"Ecco il nuovo consiglio di amministrazione dello Ski College Veneto di Falcade"},"content":{"rendered":"\n<p>L&#8217;ingresso di\u00a0<strong>Valentina della Zonca<\/strong>,\u00a0<strong>Manuela Xaiz<\/strong>,\u00a0<strong>Davide Pettini<\/strong>,\u00a0<strong>Corrado Piscanec<\/strong>, la conferma di\u00a0<strong>Monica Zorzini<\/strong>. Sono questi i nuovi membri del consiglio di amministrazione dello Ski College Veneto Falcade &#8211; S.C.S.D, eletti dall&#8217;assemblea dello scorso 8 giugno. Affiancheranno\u00a0<strong>il presidente Luca Marchetto<\/strong>\u00a0nella gestione della struttura della realt\u00e0 agordina,\u00a0dedicata agli sciatori &#8211; atleti che ospita ragazzi italiani ma anche stranieri.\u00abVogliamo proseguire\u00a0nel percorso di rinnovamento e crescita dello Ski College avviato con successo dalla precedente governance, un lavoro che ha dato grandissime soddisfazioni\u00bb\u00a0spiegano i quattro nuovi consiglieri.\u00a0\u00abSiamo entusiasti di collaborare con il presidente Marchetto e con i rappresentanti del comune di Falcade,\u00a0<strong>Michele Costa<\/strong>, e dell&#8217;istituto Follador,\u00a0<strong>Paolo Giovanni Zanin<\/strong>, e il rappresentante della Provincia di Belluno, e di dare il nostro apporto allo sviluppo del progetto Ski College, che vede gli atleti al centro di un percorso agonistico e scolastico di eccellenza permettendo a ciascuno di seguire al meglio aspirazioni e talento, in un ambiente sereno, stimolante e controllato\u00bb.\u00abUna conduzione manageriale e per obiettivi \u00e8 necessaria per gestire al meglio le attivit\u00e0 della struttura dello Ski College, la complessit\u00e0 di tutte le fasi di preparazione e allenamento fino al momento delle gare, la costante relazione con l&#8217;istituzione scolastica. Una gestione che deve essere sempre aperta al dialogo, al confronto e alla ricerca di sinergie con tutti gli stakeholder: i ragazzi e le loro famiglie, gli allenatori e preparatori, il mondo della scuola, la Fisi e le amministrazioni pubbliche. Siamo pronti ad affrontare con passione la sfida delle prossime stagioni dello sci alpino, del fondo e dello snowboard perch\u00e9 gli atleti possano sempre essere soddisfatti della loro crescita personale, dei successi agonistici e dei risultati del percorso di studi prescelto\u00bb. <br>Per approfondimenti sullo Ski College clicca <a href=\"http:\/\/www.skicollegeveneto.it\/\">qui<\/a>. <\/p>\n","protected":false},"excerpt":{"rendered":"<p>L&#8217;ingresso di\u00a0Valentina della Zonca,\u00a0Manuela Xaiz,\u00a0Davide Pettini,\u00a0Corrado Piscanec, la conferma di\u00a0Monica Zorzini. Sono questi i nuovi membri del consiglio di amministrazione dello Ski College Veneto Falcade &#8211; S.C.S.D, eletti dall&#8217;assemblea dello scorso 8 giugno. Affiancheranno\u00a0il presidente Luca Marchetto\u00a0nella gestione della struttura della realt\u00e0 agordina,\u00a0dedicata agli sciatori &#8211; atleti che ospita ragazzi italiani ma anche stranieri.\u00abVogliamo proseguire\u00a0nel percorso di rinnovamento e crescita&hellip;<\/p>\n","protected":false},"author":4,"featured_media":5052,"comment_status":"closed","ping_status":"open","sticky":false,"template":"","format":"standard","meta":{"_acf_changed":false,"footnotes":""},"categories":[411,14,15,16,19,327,253,26],"tags":[735,736,102,363,737,738,739,740,741],"acf":[],"_links":{"self":[{"href":"https:\/\/comitati.fisi.org\/veneto\/wp-json\/wp\/v2\/posts\/6121"}],"collection":[{"href":"https:\/\/comitati.fisi.org\/veneto\/wp-json\/wp\/v2\/posts"}],"about":[{"href":"https:\/\/comitati.fisi.org\/veneto\/wp-json\/wp\/v2\/types\/post"}],"author":[{"embeddable":true,"href":"https:\/\/comitati.fisi.org\/veneto\/wp-json\/wp\/v2\/users\/4"}],"replies":[{"embeddable":true,"href":"https:\/\/comitati.fisi.org\/veneto\/wp-json\/wp\/v2\/comments?post=6121"}],"version-history":[{"count":0,"href":"https:\/\/comitati.fisi.org\/veneto\/wp-json\/wp\/v2\/posts\/6121\/revisions"}],"wp:featuredmedia":[{"embeddable":true,"href":"https:\/\/comitati.fisi.org\/veneto\/wp-json\/wp\/v2\/media\/5052"}],"wp:attachment":[{"href":"https:\/\/comitati.fisi.org\/veneto\/wp-json\/wp\/v2\/media?parent=6121"}],"wp:term":[{"taxonomy":"category","embeddable":true,"href":"https:\/\/comitati.fisi.org\/veneto\/wp-json\/wp\/v2\/categories?post=6121"},{"taxonomy":"post_tag","embeddable":true,"href":"https:\/\/comitati.fisi.org\/veneto\/wp-json\/wp\/v2\/tags?post=6121"}],"curies":[{"name":"wp","href":"https:\/\/api.w.org\/{rel}","templated":true}]}}