{"id":6118,"date":"2019-06-12T13:15:00","date_gmt":"2019-06-12T13:15:00","guid":{"rendered":"http:\/\/www.fisiveneto.com\/?p=6118"},"modified":"2019-06-12T13:15:00","modified_gmt":"2019-06-12T13:15:00","slug":"mondiali-di-sci-alpino-cortina-2021-insieme-a-enit","status":"publish","type":"post","link":"https:\/\/comitati.fisi.org\/veneto\/blog\/2019\/06\/12\/mondiali-di-sci-alpino-cortina-2021-insieme-a-enit\/","title":{"rendered":"Mondiali di sci alpino, Cortina 2021 insieme a Enit"},"content":{"rendered":"\n<p>\u201c<strong>Effetto Cortina 2021<\/strong>\u201d: \u00e8 questo il titolo dell\u2019evento organizzato da\u00a0<strong>Fondazione Cortina 2021<\/strong>\u00a0in collaborazione con\u00a0<strong>Dolomiti Superski<\/strong>\u00a0&#8211; un partner strategico per Fondazione, segno che i Mondiali saranno un evento di tutte le Dolomiti &#8211; e con il supporto di\u00a0<strong>Enel<\/strong>, che si \u00e8 svolto ieri sera, marted\u00ec 11 giugno, presso l\u2019Auditorium del MAXXI di Roma. Un appuntamento per raccontare ai media e alle Istituzioni presenti nella Capitale le ricadute positive che i prossimi Campionati del Mondo di sci alpino avranno non solo per il territorio, l\u2019economia e le comunit\u00e0 dolomitiche, ma per lo sport e il Sistema Paese in generale. Effetti positivi di sviluppo del turismo e di visibilit\u00e0 internazionale, per Cortina e non solo, che ricevono ora il fondamentale apporto di\u00a0<strong>ENIT\u2013 Agenzia nazionale italiana del turismo<\/strong>, con cui\u00a0<strong>Fondazione Cortina 2021<\/strong>\u00a0ha siglato un\u00a0<strong>protocollo d\u2019intesa\u00a0<\/strong>in vista dei\u00a0<strong>Campionati del Mondo di sci alpino<\/strong>\u00a0che la Regina delle Dolomiti ospiter\u00e0\u00a0<strong>dall\u20198 al 21 febbraio 2021<\/strong>.<br><br>L\u2019appuntamento \u00e8 stato moderato da\u00a0<strong>Duilio Giammaria<\/strong>, conduttore della trasmissione Rai \u201cPetrolio\u201d e membro del\u00a0<strong>Comitato Media Fondazione Cortina 2021<\/strong>. Tra gli ospiti che si sono succeduti nel corso della serata:\u00a0<strong>Gianpietro Ghedina<\/strong>, Sindaco di Cortina d\u2019Ampezzo,\u00a0<strong>Alessandro Benetton<\/strong>, Presidente di Fondazione Cortina 2021,<strong>\u00a0Sandro Lazzari<\/strong>, Presidente di Dolomiti Superski,<strong>\u00a0Carlo Tamburi<\/strong>, Direttore Enel Italia,<strong>\u00a0Roberto Padrin<\/strong>, Presidente della Provincia di Belluno e di DMO Dolomiti,<strong>\u00a0Cristiano Corazzari,\u00a0<\/strong>Assessore al Territorio, alla Cultura e alla Sicurezza della Regione Veneto,<strong>\u00a0Giorgio Palmucci<\/strong>, Presidente di Enit,<strong>\u00a0Luca Ubaldeschi<\/strong>, Direttore de Il Secolo XIX,\u00a0<strong>Valerio Giacobbi<\/strong>, Amministratore Delegato di Fondazione Cortina 2021.<\/p>\n\n\n\n<p><strong>Tre i panel<\/strong>&nbsp;durante i quali gli ospiti si sono alternati, confrontando riflessioni, suggestioni e prospettive: si \u00e8 iniziato con un dibattito sull\u2019<strong>importanza dei grandi eventi sportivi per il rilancio dei territori<\/strong>, si \u00e8 continuato con un focus sui&nbsp;<strong>Campionati del Mondo come acceleratori di prodotto<\/strong>&nbsp;e si \u00e8 concluso quindi con una discussione sull\u2019occasione costituita dall\u2019evento iridato per promuovere Cortina e le Dolomiti a livello internazionale.<\/p>\n\n\n\n<p>Al termine dell\u2019evento, Fondazione Cortina 2021 e DSS hanno organizzato un aperitivo con i prodotti delle Dolomiti a cura del&nbsp;<strong>Gruppo Chef Ambassador di Cortina 2021<\/strong>, rappresentati in questa occasione da Graziano Prest e Carlo Festini. Infine, grazie al progetto&nbsp;<strong>Food for Good<\/strong>, il cibo non consumato durante l\u2019evento \u00e8 stato recuperato per essere donato a enti caritatevoli; un impegno contro lo spreco alimentare, assunto da Fondazione, che conferma cos\u00ec la sua attenzione alla gestione delle risorse e alla responsabilit\u00e0 sociale.<\/p>\n\n\n\n<p>Il Sindaco di Cortina d\u2019Ampezzo&nbsp;<strong>Gianpietro Ghedina<\/strong>&nbsp;ha sottolineato: \u00ab<em>I Campionati del Mondo, ma anche la candidatura Milano-Cortina alle Olimpiadi 2026,&nbsp;<\/em><em>sono una grandissima opportunit\u00e0 per tutto il territorio, che ha necessit\u00e0 di ospitare grandi eventi per incrementare il proprio sviluppo economico, infrastrutturale e sociale. Siamo un territorio con una forte tradizione e identit\u00e0 e la nostra sfida per il futuro \u00e8 di aprirci a livello internazionale, anche grazie a grandi eventi sportivi come questi, senza perdere le nostre radici<\/em>\u00bb.<br><br><strong>Alessandro Benetton<\/strong>, Presidente di Fondazione Cortina 2021, ha enfatizzato i risultati gi\u00e0 raggiunti finora \u00ab<em>con&nbsp;<\/em><em>18 grandi alberghi in rifacimento, nuove piste e i lavori per nuovi impianti e collegamenti con le aree limitrofe, che costituiscono un prezioso moltiplicatore di presenze turistiche e di ricchezza. I Campionati del Mondo possono fare la differenza nel rimettere in circolo entusiasmo ed energie positive. Per questo, noi che siamo comitato organizzatore dell\u2019evento iridato, non abbiamo voluto fermarci alla semplice organizzazione delle gare, ma lavoriamo come facilitatori per il rilancio di tutto il territorio, trovando una dimensione anche per la comunit\u00e0 locale, e per far s\u00ec che il lascito di questo grande evento sia anche culturale. Dobbiamo essere orgogliosi, perch\u00e9 stiamo dando l\u2019ottima immagine di un\u2019Italia che funziona, capace di fare squadra per raggiungere un obiettivo comune<\/em>\u00bb.<br><br>A testimoniare come la relazione privilegiata con i partner permetta un rinnovamento delle strutture e delle strategie,&nbsp;<strong>Sandro Lazzari<\/strong>, Presidente di Dolomiti Superski, ha ricordato che \u00ab<em>quello di collegare aree sciistiche diverse \u00e8 il grande valore aggiunto del Dolomiti Superski. Ad oggi, alcune localit\u00e0, come Cortina d\u2019Ampezzo, sono ancora scollegate dal carosello sciistico e i Campionati del Mondo rappresentano un fattore importante di potenziamento degli impianti, delle infrastrutture e delle piste. Ricordiamo che ogni collegamento creato porta beneficio diretto non a uno, ma ad almeno due territori diversi. Come consorzio, abbiamo raggiunto un livello di eccellenza su tutta la filiera, con grande uniformit\u00e0 di gestione, e siamo un unicum nel panorama sportivo<\/em>\u00bb.<br><br><strong>Carlo Tamburi<\/strong>, Direttore Enel Italia, ha affermato: \u00ab<em>Con Cortina 2021 condividiamo valori e visione. Per questo abbiamo abbracciato&nbsp;<\/em><em>fin dall\u2019inizio il progetto con l\u2019obiettivo di valorizzare oltre al Campionato del Mondo di sci anche il territorio in cui si svolgeranno le competizioni; un impegno che siamo convinti andr\u00e0 aldil\u00e0 del grande evento sportivo e che contribuir\u00e0 positivamente all\u2019immagine del nostro Paese. Stiamo infatti lavorando allo sviluppo di moderne infrastrutture: dalla rete di distribuzione, fino alla banda larga, passando per i punti di ricarica per i veicoli elettrici. Inoltre, siamo al fianco delle Istituzioni locali e degli imprenditori, non solo quelli del settore turistico, con offerte specifiche per le loro esigenze che comprendono, oltre alla fornitura di energia, anche servizi per l\u2019efficienza energetica, in un\u2019ottica di sostenibilit\u00e0 ambientale ed economia circolare<\/em>\u00bb.<br><br>Il Presidente della Provincia di Belluno e di DMO Dolomiti<strong>&nbsp;Roberto Padrin,&nbsp;<\/strong>ha voluto spostare il focus sulla grande occasione di promozione internazionale rappresentata dall\u2019evento iridato: \u00ab<em>Cortina 2021 \u00e8 un\u2019<\/em><em>opportunit\u00e0 imperdibile di rilancio della montagna dolomitica, soprattutto per combattere uno dei grandi problemi del nostro territorio: lo spopolamento. Abbiamo bisogno di investimenti, infrastrutture e di grandi eventi sportivi internazionali per creare lavoro legato alla montagna, per dare un futuro ai giovani nei luoghi in cui essi sono nati e cresciuti<\/em>\u00bb.<br><br><strong>Cristiano Corazzari,&nbsp;<\/strong>Assessore al Territorio, alla Cultura e alla Sicurezza della Regione Veneto, ha detto: \u00ab<em>Lo sport e i grandi eventi sono la vocazione di un territorio come quello delle Dolomiti e devono costituire la base su cui costruire turismo e indotto. Stiamo facendo investimenti per l\u2019offerta ricettiva alberghiera, per il rinnovo delle infrastrutture e delle piste, stiamo costruendo nuovi percorsi come quelli ciclabili, fruibili per tutto l\u2019anno da una porzione sempre crescente di turisti, un\u2019offerta che prima non c\u2019era e che ora costituisce una grande potenzialit\u00e0. Ma stiamo investendo anche su importanti produzioni cinematografiche, che contribuiscono a diffondere l\u2019immagine, il brand di Cortina nel mondo: vogliamo che si ripeta oggi quello che \u00e8 avvenuto dopo le Olimpiadi del 1956<\/em>\u00bb.<br><br><strong>Giorgio Palmucci,&nbsp;<\/strong>Presidente di ENIT, ha invece dichiarato: \u00ab<em>La mission di ENIT \u00e8 quella di essere al servizio di comunit\u00e0 e territori per promuovere la destinazione Italia sul piano turistico a livello globale. I Campionati del Mondo hanno un effetto volano per l\u2019economia, il turismo, le infrastrutture, lo sviluppo sociale. La montagna \u00e8 un territorio che pu\u00f2 godere di una doppia stagionalit\u00e0, che ha grandi potenzialit\u00e0 di sviluppo e che deve essere capace di incontrare l\u2019aspettativa e la richiesta dei turisti internazionali<\/em>\u00bb.<br><br><strong>Luca Ubaldeschi<\/strong>, Direttore de Il Secolo XIX ha quindi presentato il Comitato Media di Fondazione Cortina 2021, il tavolo di lavoro permanente, formato da professionisti dell\u2019informazione, che ha iniziato a lavorare insieme alle Istituzioni per la miglior riuscita possibile dei Campionati sul piano mediatico e d\u2019immagine: \u00ab<em>Nostro obiettivo \u00e8 cercare di allargare lo sguardo per far s\u00ec che un grande evento come quello dei prossimi Campionati del Mondo di Sci alpino possa proporre anche un\u2019idea di sostenibilit\u00e0 \u2013 sul piano ambientale e sociale \u2013 dei grandi eventi internazionali della montagna, per offrire una declinazione innovativa di crescita e di sviluppo del territorio. Cortina \u00e8 il catalizzatore di tutto questo perch\u00e9 ospiter\u00e0 le gare, ma stiamo creando qualcosa che vale per tutte le aree montane d\u2019Italia e non solo<\/em>\u00bb.<br><br>L\u2019Amministratore Delegato di Fondazione Cortina 2021,&nbsp;<strong>Valerio Giacobbi<\/strong>, ha concluso l\u2019incontro ricordando \u00ab<em>l\u2019importante ruolo svolto dalla Fondazione nel fare rete, nel creare cio\u00e8 una \u201csquadra\u201d di professionisti, partner e volontari per l\u2019organizzazione e la gestione del grande evento sportivo. Perch\u00e9 quando c\u2019\u00e8 la partecipazione di cos\u00ec tante componenti, per raggiungere gli obiettivi \u00e8 fondamentale una condivisione d\u2019intenti e di visione<\/em>\u00bb.<br><\/p>\n","protected":false},"excerpt":{"rendered":"<p>\u201cEffetto Cortina 2021\u201d: \u00e8 questo il titolo dell\u2019evento organizzato da\u00a0Fondazione Cortina 2021\u00a0in collaborazione con\u00a0Dolomiti Superski\u00a0&#8211; un partner strategico per Fondazione, segno che i Mondiali saranno un evento di tutte le Dolomiti &#8211; e con il supporto di\u00a0Enel, che si \u00e8 svolto ieri sera, marted\u00ec 11 giugno, presso l\u2019Auditorium del MAXXI di Roma. Un appuntamento per raccontare ai media e alle&hellip;<\/p>\n","protected":false},"author":4,"featured_media":6119,"comment_status":"closed","ping_status":"open","sticky":false,"template":"","format":"standard","meta":{"_acf_changed":false,"footnotes":""},"categories":[454,62,360,19],"tags":[],"acf":[],"_links":{"self":[{"href":"https:\/\/comitati.fisi.org\/veneto\/wp-json\/wp\/v2\/posts\/6118"}],"collection":[{"href":"https:\/\/comitati.fisi.org\/veneto\/wp-json\/wp\/v2\/posts"}],"about":[{"href":"https:\/\/comitati.fisi.org\/veneto\/wp-json\/wp\/v2\/types\/post"}],"author":[{"embeddable":true,"href":"https:\/\/comitati.fisi.org\/veneto\/wp-json\/wp\/v2\/users\/4"}],"replies":[{"embeddable":true,"href":"https:\/\/comitati.fisi.org\/veneto\/wp-json\/wp\/v2\/comments?post=6118"}],"version-history":[{"count":0,"href":"https:\/\/comitati.fisi.org\/veneto\/wp-json\/wp\/v2\/posts\/6118\/revisions"}],"wp:featuredmedia":[{"embeddable":true,"href":"https:\/\/comitati.fisi.org\/veneto\/wp-json\/wp\/v2\/media\/6119"}],"wp:attachment":[{"href":"https:\/\/comitati.fisi.org\/veneto\/wp-json\/wp\/v2\/media?parent=6118"}],"wp:term":[{"taxonomy":"category","embeddable":true,"href":"https:\/\/comitati.fisi.org\/veneto\/wp-json\/wp\/v2\/categories?post=6118"},{"taxonomy":"post_tag","embeddable":true,"href":"https:\/\/comitati.fisi.org\/veneto\/wp-json\/wp\/v2\/tags?post=6118"}],"curies":[{"name":"wp","href":"https:\/\/api.w.org\/{rel}","templated":true}]}}