{"id":6116,"date":"2019-06-12T08:42:33","date_gmt":"2019-06-12T08:42:33","guid":{"rendered":"http:\/\/www.fisiveneto.com\/?p=6116"},"modified":"2019-06-12T08:42:33","modified_gmt":"2019-06-12T08:42:33","slug":"a-rettenbach-parte-la-coppa-del-mondo-di-sci-derba-in-gara-facchin-saviane-mazzoncini-e-ferrighetto","status":"publish","type":"post","link":"https:\/\/comitati.fisi.org\/veneto\/blog\/2019\/06\/12\/a-rettenbach-parte-la-coppa-del-mondo-di-sci-derba-in-gara-facchin-saviane-mazzoncini-e-ferrighetto\/","title":{"rendered":"A Rettenbach parte la Coppa del mondo di sci d&#8217;erba. In gara Facchin, Saviane, Mazzoncini e Ferrighetto"},"content":{"rendered":"\n<p>La stagione dello sci d&#8217;erba entra nel vivo con il primo appuntamento della Coppa del mondo nella localit\u00e0 austriaca di Rettembach. Tre sono le giornate di gara previste: sabato 15 giugno toccher\u00e0 ai giganti, seguiti sabato 16 giugno di supergiganti, valida per l&#8217;assegnazione della supercombinata, che verr\u00e0 completata con gli slalom. Il nuovo direttore tecnico <strong>Fausto Cerentin<\/strong> ha convocato Edoardo Frau, Mattia Arrigoni, <strong>Jacopo Facchin<\/strong>, Lorenzo Gritti, Pietro Guerini, <strong>Davide Saviane<\/strong>, Filippo Zamboni, Nicholas Anziutti, Marco Combi, Fabrizio Rottigni e Nicol\u00f2 Schiavetti fra gli uomini e Antonella Manzoni, <strong>Margherita Mazzoncini<\/strong>, Federica Milesi, <strong>Monica Ferrighetto<\/strong> e Chiara Milesi fra le donne. <\/p>\n","protected":false},"excerpt":{"rendered":"<p>La stagione dello sci d&#8217;erba entra nel vivo con il primo appuntamento della Coppa del mondo nella localit\u00e0 austriaca di Rettembach. Tre sono le giornate di gara previste: sabato 15 giugno toccher\u00e0 ai giganti, seguiti sabato 16 giugno di supergiganti, valida per l&#8217;assegnazione della supercombinata, che verr\u00e0 completata con gli slalom. Il nuovo direttore tecnico Fausto Cerentin ha convocato Edoardo&hellip;<\/p>\n","protected":false},"author":4,"featured_media":5708,"comment_status":"closed","ping_status":"open","sticky":false,"template":"","format":"standard","meta":{"_acf_changed":false,"footnotes":""},"categories":[9,10,252],"tags":[246,734],"acf":[],"_links":{"self":[{"href":"https:\/\/comitati.fisi.org\/veneto\/wp-json\/wp\/v2\/posts\/6116"}],"collection":[{"href":"https:\/\/comitati.fisi.org\/veneto\/wp-json\/wp\/v2\/posts"}],"about":[{"href":"https:\/\/comitati.fisi.org\/veneto\/wp-json\/wp\/v2\/types\/post"}],"author":[{"embeddable":true,"href":"https:\/\/comitati.fisi.org\/veneto\/wp-json\/wp\/v2\/users\/4"}],"replies":[{"embeddable":true,"href":"https:\/\/comitati.fisi.org\/veneto\/wp-json\/wp\/v2\/comments?post=6116"}],"version-history":[{"count":0,"href":"https:\/\/comitati.fisi.org\/veneto\/wp-json\/wp\/v2\/posts\/6116\/revisions"}],"wp:featuredmedia":[{"embeddable":true,"href":"https:\/\/comitati.fisi.org\/veneto\/wp-json\/wp\/v2\/media\/5708"}],"wp:attachment":[{"href":"https:\/\/comitati.fisi.org\/veneto\/wp-json\/wp\/v2\/media?parent=6116"}],"wp:term":[{"taxonomy":"category","embeddable":true,"href":"https:\/\/comitati.fisi.org\/veneto\/wp-json\/wp\/v2\/categories?post=6116"},{"taxonomy":"post_tag","embeddable":true,"href":"https:\/\/comitati.fisi.org\/veneto\/wp-json\/wp\/v2\/tags?post=6116"}],"curies":[{"name":"wp","href":"https:\/\/api.w.org\/{rel}","templated":true}]}}