{"id":600,"date":"2018-08-01T14:13:20","date_gmt":"2018-08-01T14:13:20","guid":{"rendered":"http:\/\/www.fisiveneto.com\/?p=600"},"modified":"2018-08-01T14:13:20","modified_gmt":"2018-08-01T14:13:20","slug":"cortina-2021-ecco-il-cantiere-per-la-nuova-ski-area-rumerlo","status":"publish","type":"post","link":"https:\/\/comitati.fisi.org\/veneto\/blog\/2018\/08\/01\/cortina-2021-ecco-il-cantiere-per-la-nuova-ski-area-rumerlo\/","title":{"rendered":"Cortina 2021, ecco il cantiere per la nuova ski area Rumerlo"},"content":{"rendered":"<div class=\"wp-block-image\">\n<figure class=\"aligncenter\"><img loading=\"lazy\" decoding=\"async\" width=\"500\" height=\"242\" src=\"http:\/\/comitati.fisi.org\/veneto\/wp-content\/uploads\/sites\/39\/2018\/08\/ski_area_rumerlo_conferenza_servizi_31_07_2018.jpg\" alt=\"\" class=\"wp-image-601\" srcset=\"https:\/\/comitati.fisi.org\/veneto\/wp-content\/uploads\/sites\/39\/2018\/08\/ski_area_rumerlo_conferenza_servizi_31_07_2018.jpg 500w, https:\/\/comitati.fisi.org\/veneto\/wp-content\/uploads\/sites\/39\/2018\/08\/ski_area_rumerlo_conferenza_servizi_31_07_2018-300x145.jpg 300w\" sizes=\"(max-width: 500px) 100vw, 500px\" \/><\/figure><\/div>\n\n\n<p>Giornata intensa di appuntamenti fondamentali, quella di ieri, marted\u00ec 31 luglio, nel cammino di avvicinamento ai Campionati del Mondo di Sci Alpino Cortina 2021. Il commissario straordinario alle opere sportive Luigi Valerio Sant\u2019Andrea, i rappresentanti della Provincia di Belluno (stazione appaltante) e l\u2019impresa di costruzioni E.MA.PRI.CE SpA hanno sottoscritto questa mattina il verbale di consegna dei lavori per realizzare nella Ski Area di Rumerlo la nuova Finish Area, l\u2019adeguamento della viabilit\u00e0 comunale e 3 tunnel di collegamento sciistico sulla pista \u201cVertigine\u201d.<\/p>\n\n\n\n<p>Si apre cos\u00ec il primo cantiere promosso direttamente da Fondazione Cortina 2021 (e attuato dal Commissario) che realizzer\u00e0 gi\u00e0 per la prossima Coppa del Mondo di Sci femminile di Gennaio 2019 l\u2019assetto definitivo della Ski Area dove si svolgeranno le gare maschili e femminili di discesa libera, supergigante, slalom gigante e parallelo dei Campionati del Mondo 2021.<\/p>\n\n\n\n<p>Pi\u00f9 nello specifico la nuova area d\u2019arrivo sar\u00e0 situata in localit\u00e0 Rumerlo di fronte al ristorante El Camineto con una vista panoramica su tutta la valle. L\u2019intervento riguarda un\u2019area di circa 43.000 mq con movimenti terra pari a 23.000 mc. La nuova area d\u2019arrivo ha una lunghezza di 120 metri e una larghezza di 80 metri, \u00e8 dotata di tutti i sotto servizi per le forniture di energia elettrica, della fibra ottica, dei cavi per il cronometraggio, della distribuzione idrica e di smaltimento dei reflui, il tutto dimensionato secondo gli allestimenti temporanei da realizzare sia per le gare di Coppa del Mondo che per i Mondiali Cortina 2021. L\u2019area sar\u00e0 in grado di accogliere grazie all\u2019allestimento di strutture temporanee circa 20.000 persone. \u00c8 un lascito per tutte le manifestazioni sportive future grazie alla possibilit\u00e0 di essere modulabile in base alle diverse esigenze.<\/p>\n\n\n\n<p>Sar\u00e0 poi realizzato un by-pass stradale che si stacca a valle del nuovo sacco d\u2019arrivo, entra in un pianoro e sale verso monte attraverso una zona boschiva ricollegandosi, sopra al ristorante El Camineto, all\u2019attuale strada in direzione Pi\u00e8 Tofana. Lo sviluppo \u00e8 di 550 metri con una pendenza massima del 13%. La strada verr\u00e0 attraversata, mediante un sottopassaggio, dallo ski-weg di collegamento dei sacchi d\u2019arrivo di Rumerlo e di Drusci\u00e9.<\/p>\n\n\n\n<p>Verranno infine realizzati 3 tunnel sulle piste Vertigine e Olympia delle Tofane per consentire l\u2019attraversamento della zona gara agli addetti ai lavori.<\/p>\n\n\n\n<p>Oggi pomeriggio si \u00e8 svolta poi in Comune a Cortina la terza Conferenza dei Servizi promossa dal Commissario Straordinario alle opere sportive Luigivalerio Sant\u2019Andrea per raccogliere i pareri delle Istituzioni competenti in merito ai progetti relativi agli interventi per la realizzazione della nuova pista \u201cLino Lacedelli\u201d, del bacino Idrico Cinque Torri a supporto delle attivit\u00e0 di protezione civile, del sistema antivalanghe a servizio della pista Vertigine e infine dell\u2019ampliamento della pista ciclabile nella citt\u00e0 di Cortina.<\/p>\n\n\n\n<p>La nuova pista \u201cLino Lacedelli\u201d, nella Ski Area 5 Torri, avr\u00e0 uno sviluppo di 1.500 metri con una larghezza che va da un massimo di 60 a un minimo di 40 metri, un dislivello di massimo di 350 metri e una pendenza massima del 39%. Vi si svolgeranno le gare di qualificazione per le prove di slalom gigante e slalom speciale.<\/p>\n\n\n\n<p>Il Bacino Idrico Potor di Cinque Torri verr\u00e0 realizzato in prossimit\u00e0 della stazione di valle della seggiovia Potor, ad un\u2019altitudine di circa 2.100 m circa ed avr\u00e0 una capacit\u00e0 di 20.000 mc.. Garantir\u00e0 l\u2019innevamento delle piste del comprensorio sciistico e sar\u00e0 una risorsa da utilizzare in casi di emergenze in ambiente di protezione civile, sia per interventi di spegnimento di incendi boschivi sia per emergenze idropotabili che potrebbero manifestarsi in periodo di particolare magra delle sorgenti dei Comuni di Cortina d\u2019Ampezzo e limitrofi.<\/p>\n\n\n\n<p>Il sistema per la messa in sicurezza dal rischio valanghe del tracciato della pista Vertigine \u2013 considerato ad oggi il pi\u00f9 complesso sistema di protezione dell\u2019intero arco alpino &#8211; prevede la posa di 20 campane esploditrici. Di queste, 4 campane verranno posizionate nel comprensorio di Ra Valles, dove i grossi accumuli di neve possono interessare la pista Vertigine; le altre 16 verranno posizionate all\u2019interno del comprensorio della societ\u00e0 ISTA.<\/p>\n\n\n\n<p>\u201cSono molto contento \u2013 ha commentato il Commissario Luigivalerio Sant\u2019Andrea \u2013 grazie alla sinergia tra le Istituzioni territoriali abbiamo mantenuto gli impegni assunti secondo la programmazione delle attivit\u00e0 indicate nel Piano degli Interventi: in pochi mesi abbiamo fatto 3 Conferenze dei Servizi e affidato i lavori in zona Rumerlo. Il completamento della nuova finish area entro Gennaio 2019 consentir\u00e0 di poter organizzare le gare di Coppa del Mondo femminile con il layout del 2021. Avremo perci\u00f2 la possibilit\u00e0 di testare le infrastrutture di gara gi\u00e0 2 anni prima del grande evento\u201d.<\/p>\n\n\n\n<p>\u201cCi siamo dati una tabella di marcia decisamente intensa \u2013 ha commentato Valerio Giacobbi, Amministratore Delegato di Fondazione Cortina 2021 \u2013 dialoghiamo quotidianamente con la struttura del Commissario Sant\u2019Andrea per centrare gli obiettivi che ci siamo dati nei tempi concordati\u201d.<\/p>\n\n\n\n<p><em>comunicato stampa<\/em><\/p>\n","protected":false},"excerpt":{"rendered":"<p>Giornata intensa di appuntamenti fondamentali, quella di ieri, marted\u00ec 31 luglio, nel cammino di avvicinamento ai Campionati del Mondo di Sci Alpino Cortina 2021. Il commissario straordinario alle opere sportive Luigi Valerio Sant\u2019Andrea, i rappresentanti della Provincia di Belluno (stazione appaltante) e l\u2019impresa di costruzioni E.MA.PRI.CE SpA hanno sottoscritto questa mattina il verbale di consegna dei lavori per realizzare nella&hellip;<\/p>\n","protected":false},"author":4,"featured_media":601,"comment_status":"open","ping_status":"open","sticky":false,"template":"","format":"standard","meta":{"_acf_changed":false,"footnotes":""},"categories":[360,611,19],"tags":[],"acf":[],"_links":{"self":[{"href":"https:\/\/comitati.fisi.org\/veneto\/wp-json\/wp\/v2\/posts\/600"}],"collection":[{"href":"https:\/\/comitati.fisi.org\/veneto\/wp-json\/wp\/v2\/posts"}],"about":[{"href":"https:\/\/comitati.fisi.org\/veneto\/wp-json\/wp\/v2\/types\/post"}],"author":[{"embeddable":true,"href":"https:\/\/comitati.fisi.org\/veneto\/wp-json\/wp\/v2\/users\/4"}],"replies":[{"embeddable":true,"href":"https:\/\/comitati.fisi.org\/veneto\/wp-json\/wp\/v2\/comments?post=600"}],"version-history":[{"count":0,"href":"https:\/\/comitati.fisi.org\/veneto\/wp-json\/wp\/v2\/posts\/600\/revisions"}],"wp:featuredmedia":[{"embeddable":true,"href":"https:\/\/comitati.fisi.org\/veneto\/wp-json\/wp\/v2\/media\/601"}],"wp:attachment":[{"href":"https:\/\/comitati.fisi.org\/veneto\/wp-json\/wp\/v2\/media?parent=600"}],"wp:term":[{"taxonomy":"category","embeddable":true,"href":"https:\/\/comitati.fisi.org\/veneto\/wp-json\/wp\/v2\/categories?post=600"},{"taxonomy":"post_tag","embeddable":true,"href":"https:\/\/comitati.fisi.org\/veneto\/wp-json\/wp\/v2\/tags?post=600"}],"curies":[{"name":"wp","href":"https:\/\/api.w.org\/{rel}","templated":true}]}}