{"id":597,"date":"2018-08-01T14:08:59","date_gmt":"2018-08-01T14:08:59","guid":{"rendered":"http:\/\/www.fisiveneto.com\/?p=597"},"modified":"2018-08-01T14:08:59","modified_gmt":"2018-08-01T14:08:59","slug":"splendido-argento-di-davide-saviane-nello-slalom-iridato","status":"publish","type":"post","link":"https:\/\/comitati.fisi.org\/veneto\/blog\/2018\/08\/01\/splendido-argento-di-davide-saviane-nello-slalom-iridato\/","title":{"rendered":"Splendido argento di Davide Saviane nello slalom iridato"},"content":{"rendered":"<div class=\"wp-block-image\">\n<figure class=\"aligncenter\"><img loading=\"lazy\" decoding=\"async\" width=\"500\" height=\"281\" src=\"http:\/\/comitati.fisi.org\/veneto\/wp-content\/uploads\/sites\/39\/2018\/08\/davide_saviane_argento_mondiali_juniores_01_08_2018.jpg\" alt=\"\" class=\"wp-image-598\" srcset=\"https:\/\/comitati.fisi.org\/veneto\/wp-content\/uploads\/sites\/39\/2018\/08\/davide_saviane_argento_mondiali_juniores_01_08_2018.jpg 500w, https:\/\/comitati.fisi.org\/veneto\/wp-content\/uploads\/sites\/39\/2018\/08\/davide_saviane_argento_mondiali_juniores_01_08_2018-300x169.jpg 300w\" sizes=\"(max-width: 500px) 100vw, 500px\" \/><\/figure><\/div>\n\n\n<p>Dopo i tre argenti dello scorso anno a Sauris, Davide Saviane si prende un argento anche ai Mondiali Juniores 2018 di Montecampione. L&#8217;alpagoto, che ieri era uscito in gigante, oggi ha conquistato il secondo posto in slalom. A vincere \u00e8 stato il ceko Martin Bartak, gi\u00e0 vincitore ieri, mentre a completare il podio \u00e8 stato un altro azzurro, Daniele Buio. \u00abSono contento, anche perch\u00e9 Bartak non \u00e8 certo uno qualunque\u00bb commenta Saviane. \u00abNella prima manche ho commesso un errore nella parte iniziale e cos\u00ec al traguardo mi sono ritrovato al settimo posto. Il distacco non era impossibile da colmare, tre decimi, e cos\u00ec mi sono detto che il recupero era fattibile. Nella seconda manche ho dato ho usato la testa nella parte pi\u00f9 tecnica e nel piano ho dato tutto. Ed \u00e8 venuta fuori una bella seconda manche, nella quale ho fatto registrare il secondo tempo parziale, a soli 7 centesimi da Bartak, un atleta che pesa una ventina di chili pi\u00f9 di me e che sui tratti di scorrevolezza \u00e8 avvantaggiato\u00bb.<br \/>Tra le donne, successo per l&#8217;austriaca Kristin Hetfleisch, con Ambra Gasperi, quinta, prima azzurra. Sfortunata le gare di Margherita Mazzoncini e Monica Ferrighetto, out nella prima manche.<br \/><a href=\"https:\/\/data.fis-ski.com\/grass-skiing\/results.html\" target=\"_blank\" rel=\"noreferrer noopener\">Qui<\/a>\u00a0il dettaglio.<\/p>\n","protected":false},"excerpt":{"rendered":"<p>Dopo i tre argenti dello scorso anno a Sauris, Davide Saviane si prende un argento anche ai Mondiali Juniores 2018 di Montecampione. L&#8217;alpagoto, che ieri era uscito in gigante, oggi ha conquistato il secondo posto in slalom. A vincere \u00e8 stato il ceko Martin Bartak, gi\u00e0 vincitore ieri, mentre a completare il podio \u00e8 stato un altro azzurro, Daniele Buio.&hellip;<\/p>\n","protected":false},"author":4,"featured_media":598,"comment_status":"open","ping_status":"open","sticky":false,"template":"","format":"standard","meta":{"_acf_changed":false,"footnotes":""},"categories":[9,799,507,611,252],"tags":[],"acf":[],"_links":{"self":[{"href":"https:\/\/comitati.fisi.org\/veneto\/wp-json\/wp\/v2\/posts\/597"}],"collection":[{"href":"https:\/\/comitati.fisi.org\/veneto\/wp-json\/wp\/v2\/posts"}],"about":[{"href":"https:\/\/comitati.fisi.org\/veneto\/wp-json\/wp\/v2\/types\/post"}],"author":[{"embeddable":true,"href":"https:\/\/comitati.fisi.org\/veneto\/wp-json\/wp\/v2\/users\/4"}],"replies":[{"embeddable":true,"href":"https:\/\/comitati.fisi.org\/veneto\/wp-json\/wp\/v2\/comments?post=597"}],"version-history":[{"count":0,"href":"https:\/\/comitati.fisi.org\/veneto\/wp-json\/wp\/v2\/posts\/597\/revisions"}],"wp:featuredmedia":[{"embeddable":true,"href":"https:\/\/comitati.fisi.org\/veneto\/wp-json\/wp\/v2\/media\/598"}],"wp:attachment":[{"href":"https:\/\/comitati.fisi.org\/veneto\/wp-json\/wp\/v2\/media?parent=597"}],"wp:term":[{"taxonomy":"category","embeddable":true,"href":"https:\/\/comitati.fisi.org\/veneto\/wp-json\/wp\/v2\/categories?post=597"},{"taxonomy":"post_tag","embeddable":true,"href":"https:\/\/comitati.fisi.org\/veneto\/wp-json\/wp\/v2\/tags?post=597"}],"curies":[{"name":"wp","href":"https:\/\/api.w.org\/{rel}","templated":true}]}}