{"id":5926,"date":"2019-05-15T06:58:07","date_gmt":"2019-05-15T06:58:07","guid":{"rendered":"http:\/\/www.fisiveneto.com\/?p=5926"},"modified":"2019-05-15T06:58:07","modified_gmt":"2019-05-15T06:58:07","slug":"sci-alpino-franzoni-scussel-e-lani-in-azzurro","status":"publish","type":"post","link":"https:\/\/comitati.fisi.org\/veneto\/blog\/2019\/05\/15\/sci-alpino-franzoni-scussel-e-lani-in-azzurro\/","title":{"rendered":"Sci alpino, Franzoni, Scussel e Lani in azzurro"},"content":{"rendered":"\n<p>Si \u00e8 tenuta a Milano la Commissione Giovani dello sci alpino alla presenza dei consiglieri federali Alfons Thoma, Carmelo Ghilardi, dei tecnici dei Comitati Regionali e dei Gruppi Sportivi Militari che, con delibera del Presidente numero 97 del 14 maggio, ha ufficializzato la composizione delle squadre C. Massimo Carca \u00e8 stato nominato responsabile del settore giovanile, nel corso della giornata \u00e8 stata condivisa la necessit\u00e0 di aumentare la qualit\u00e0 del lavoro e della programmazione, inserendo due blocchi grandi di preparazione atletica durante il periodo estivo per un totale di quattro settimane, a cui si aggiunge un periodo di tre settimane sugli sci alla fine dell&#8217;estate sulle nevi sudamericane, sfruttando le condizioni della neve stessa e la possibilit\u00e0 di allenarsi in pi\u00f9 specialit\u00e0 e diversificare il lavoro. Il progetto prevede pure un incremento dei raduni dei gruppi Osservati, con 35 giorni complessivi sulla neve (20 giorni per le discipline tecniche, 15 giorni per le discipline veloci) e 7 giorni di preparazione atletica, con l&#8217;obiettivo di monitorare e sostenere con sempre maggiore efficacia le eccellenze territoriali, con la volont\u00e0 di dare la possibilit\u00e0 agli atleti che lo meriteranno, di entrare nel team. Il tutto in stretta collaborazione con i Comitati Regionali. Nel progetto verr\u00e0 coinvolto anche Massimiliano Blardone, che trasferir\u00e0 ai giovani la sua esperienza da atleta di massimo livello internazionale. Sostenitore dell&#8217;attivit\u00e0 giovanile sar\u00e0 Techdow Pharma Italia, azienda farmaceutica, leader mondiale nel settore. <\/p>\n\n\n\n<p>Carca Massimo      Responsabile Giovanile e Allenatore Responsabile Gruppo C maschile      Centro Agonistico Domobianca    <\/p>\n\n\n\n<p>Weiss Angelo    Allenatore Responsabile Gruppo C femminile  GS Fiamme Gialle<\/p>\n\n\n\n<p>GRUPPO C         <br> ATLETI         <br> Allegrini Riccardo     19\/01\/2000  tesserato C.S. Carabinieri<br> Bendotti Matteo    01\/11\/2001  S.C. Radici Group<br> Canins Matteo    02\/03\/1998  G.S. Fiamme Gialle<br> Dellavite Filippo    04\/10\/2001  S.C. Radici Group<br> <strong>Franzoni Giovanni<\/strong>        30\/03\/2001  Ski College Veneto<br> Franzoso Matteo    16\/09\/1999  G.S. Fiamme Gialle<br> Pizio Alessandro    10\/01\/2001  S.C. Radici Group<br> Ploner Manuel    06\/03\/2001  tesserato G.S. Fiamme Gialle<\/p>\n\n\n\n<p>ATLETE         <br>\nAllemand Sara    25\/07\/2000  S.C: Bardonecchia<br>\nCalati Veronika    19\/02\/1999  tesserata G.S. Fiamme Gialle<br>\nDi Francesco Giulia    15\/02\/1999  tesserata G.S. Fiamme Gialle<br>\nGhisalberti Ilaria    30\/09\/2000  tesserata G.S. Fiamme Gialle<br>\nHaller Celina    26\/04\/2000  G.S. Fiamme Gialle<br>\nMascherona Marika    21\/05\/1998  S.C. Bormio<br>\nPaventa Giulia    25\/02\/1998  tesserata G.S. Fiamme Oro Moena<br>\nTintorri Giulia    30\/06\/1999  tesserata G.S. Fiamme Oro Moena<br>\nViviani Serena    03\/05\/1999  S.C. Val Chisone<br>\nWelf Carlotta Nimu\u00e8           12\/07\/2000  C.S. Esercito<\/p>\n\n\n\n<p>GRUPPO OSSERVATI         <br> ATLETI PROVE TECNICHE         <br> Abbruzzese Marco    18\/02\/2002  Mondol\u00e8 Ski Team<br> Barbera Corrado    14\/11\/2002  Sci Club Ski College<br> Battisti Alberto    25\/01\/2001  C.S. Esercito<br> Hofer Damian *    20\/04\/1999  G.S. Fiamme Gialle<br> Isabella Luca    26\/01\/2001  Ski Team Fassa<br> Mammarella Goffredo    20\/03\/2001  C.S. Carabinieri<br> Rizzi Martino    04\/08\/2000  G.S. Fiamme Oro Moena<br> Saccardi Tommaso    16\/07\/2001  Cus Parma<br> <strong>Scussel Federico<\/strong>    02\/01\/2001  Ski College Veneto<br> Seppi Davide Leonardo    02\/04\/2002  Val di Fiemme Ski Team<br> Zazzaro Giovanni *    20\/05\/1999  C.S. Carabinieri<\/p>\n\n\n\n<p>Galdiolo Francesco **    01\/03\/1998  Wonderski A.S.D.<br> Mencaccini Lorenzo **    14\/02\/1998  Sci Cai Monte Lussari<br> Van Loon Patrick **    16\/10\/1998  G.S. Fiamme Oro Moena<\/p>\n\n\n\n<p>*su convocazione         <br> **su convocazione a proprie spese (junior)           <\/p>\n\n\n\n<p>ATLETI PROVE VELOCI         <br> Abbruzzese Marco    18\/08\/2002  Mondol\u00e8 Ski Team<br> Battisti Alberto    25\/01\/2001  C.S. Esercito<br> Dalmasso Giacomo     04\/05\/2000  G.S. Fiamme Gialle<br> Gatto Francesco     20\/01\/1999  Renngemeinschaft Wiptal<br> Maddii Andrea    06\/01\/1999  S.C. Tracce Bianche<br> Resinelli Luca    01\/09\/1999  Ski Team Bormio<br> Rizzi Martino    04\/08\/2000  G.S. Fiamme Oro Moena<br> Scussel Federico    02\/01\/2001  Ski College Veneto<br> Talacci Simon    03\/01\/2001  Ski Racing Camp<\/p>\n\n\n\n<p>Knollseisen Tobias **    27\/06\/1998  Kronplatz Ski Team<br>Mittermair Hugo **    03\/0271998  C.S. Carabinieri<br>Pradal Matteo **    22\/11\/1998  Ski Team fassa<\/p>\n\n\n\n<p>ATLETE PROVE TECNICHE         <br>\nBelfrond Annette    11\/07\/2002  S.C. Crammont Blanc<br>\nCraievich Andrea    23\/01\/2000  S.C. 70A.S.D.<br>\nGiordano Flavia Diletta    10\/05\/2001  S.A.I. Napoli<br>\nGuerinoni Alessia    06\/08\/2002  S.C. Goggi Ubi Banca<br>\nLucchini Pilar Elisa    26\/09\/2001  S.C. Azzurri del Cervino<br>\nMathiou Sophie    05\/02\/2002  S.C. Pila Gressan<br>\nPazzaglia Alice    18\/08\/2002  Cus Parma<br>\nPedevilla Ellen    26\/07\/2001  S.C. Ladinia<br>\nPiaggio Martina    21\/04\/2001  Mondol\u00e8 Ski Team<br>\nRota Laura    13\/11\/2000  G.B. Ski Club<br>\nSteimair Laura    03\/10\/2000  C.S. Carabinieri<\/p>\n\n\n\n<p>ATLETE PROVE VELOCI         <br> Agnelli Carole    16\/11\/2001  Club de Ski Valtournenche<br> Berta Ginevra Maria    06\/03\/2000  You Win Ski Team<br> Brustia Sofia    07\/10\/2000  S.C. La Thuile<br> Cabala Alice    23\/01\/2002  S.C. Gressoney Monte Rosa<br> Edifizi Heloise    08\/03\/2000  Club de Ski Valtournenche<br> Kerschbaumer Sofia    24\/01\/2000  S.C. Groden Amateur<br><strong> Lani Federica<\/strong>    19\/02\/2001  Ski College Veneto<br> Lucchi Pila Elisa    26\/09\/2001  Sci Club Azzurri del Cervino<br> Mus Alice    03\/11\/2000  Sci Club Azzurri del Cervino<br> Nogler Kostner Nicole    11\/04\/2001  S.C. Groden Amateur<br> Rigatti Amelia    08\/01\/2002  Ski Team Fassa<br> Schranzhofer Elisa *    02\/02\/2000  Amateur Sportclub Gsiesertal<\/p>\n\n\n\n<p>*aggregata a due raduni Coppa Europa     <\/p>\n","protected":false},"excerpt":{"rendered":"<p>Si \u00e8 tenuta a Milano la Commissione Giovani dello sci alpino alla presenza dei consiglieri federali Alfons Thoma, Carmelo Ghilardi, dei tecnici dei Comitati Regionali e dei Gruppi Sportivi Militari che, con delibera del Presidente numero 97 del 14 maggio, ha ufficializzato la composizione delle squadre C. Massimo Carca \u00e8 stato nominato responsabile del settore giovanile, nel corso della giornata&hellip;<\/p>\n","protected":false},"author":4,"featured_media":5613,"comment_status":"closed","ping_status":"open","sticky":false,"template":"","format":"standard","meta":{"_acf_changed":false,"footnotes":""},"categories":[9,14,15,19],"tags":[191,583,193],"acf":[],"_links":{"self":[{"href":"https:\/\/comitati.fisi.org\/veneto\/wp-json\/wp\/v2\/posts\/5926"}],"collection":[{"href":"https:\/\/comitati.fisi.org\/veneto\/wp-json\/wp\/v2\/posts"}],"about":[{"href":"https:\/\/comitati.fisi.org\/veneto\/wp-json\/wp\/v2\/types\/post"}],"author":[{"embeddable":true,"href":"https:\/\/comitati.fisi.org\/veneto\/wp-json\/wp\/v2\/users\/4"}],"replies":[{"embeddable":true,"href":"https:\/\/comitati.fisi.org\/veneto\/wp-json\/wp\/v2\/comments?post=5926"}],"version-history":[{"count":0,"href":"https:\/\/comitati.fisi.org\/veneto\/wp-json\/wp\/v2\/posts\/5926\/revisions"}],"wp:featuredmedia":[{"embeddable":true,"href":"https:\/\/comitati.fisi.org\/veneto\/wp-json\/wp\/v2\/media\/5613"}],"wp:attachment":[{"href":"https:\/\/comitati.fisi.org\/veneto\/wp-json\/wp\/v2\/media?parent=5926"}],"wp:term":[{"taxonomy":"category","embeddable":true,"href":"https:\/\/comitati.fisi.org\/veneto\/wp-json\/wp\/v2\/categories?post=5926"},{"taxonomy":"post_tag","embeddable":true,"href":"https:\/\/comitati.fisi.org\/veneto\/wp-json\/wp\/v2\/tags?post=5926"}],"curies":[{"name":"wp","href":"https:\/\/api.w.org\/{rel}","templated":true}]}}