{"id":5924,"date":"2019-05-10T16:28:51","date_gmt":"2019-05-10T16:28:51","guid":{"rendered":"http:\/\/www.fisiveneto.com\/?p=5924"},"modified":"2019-05-10T16:28:51","modified_gmt":"2019-05-10T16:28:51","slug":"sci-derba-la-coppa-del-mondo-2019-propone-la-novita-cortina","status":"publish","type":"post","link":"https:\/\/comitati.fisi.org\/veneto\/blog\/2019\/05\/10\/sci-derba-la-coppa-del-mondo-2019-propone-la-novita-cortina\/","title":{"rendered":"Sci d&#8217;erba, la Coppa del Mondo 2019  propone la novit\u00e0 Cortina"},"content":{"rendered":"\n<p>La Federazione Internazionale dello Sci ha definito il calendario completo della prossima stagione di competizioni, ormai prossima all&#8217;avvio. Le tappe previste di Coppa del mondo sono cinque per un totale di tredici gare machili e altrettante femminile, due di queste saranno in Italia, con la novit\u00e0 di Cortina d&#8217;Ampezzo con con un gigante e uno slalom sabato 6 e domencia 7 luglio per un ideale gemellaggio con le piste che ospiteranno nel 2021 i Mondiali di sci alpino. Sulle montagne italiane si terranno pure le finali di met\u00e0 settembre, pure se la localit\u00e0 \u00e8 tuttora da definire. In programma anche i Mondiali seniores svizzeri di Marbachegg, dal 14 al 18 agosto, mentre i Mondiali junores si terranno a Stitna Nad Vlari, in Repubblica Ceca, dal 31 luglio al 3 agosto. Il primo appuntamento sar\u00e0 invece a fine maggio, in Slovacchia, a Piestany, con gigante e slalom.<\/p>\n\n\n\n<p><em><strong>Ecco il calendario completo della Coppa del mondo:<\/strong><\/em><br>15\/06\/19 &#8211; GS maschile e femminile Rettenbach (Aut)<br>16\/06\/19 &#8211; SC maschile e femminile Rettenbach (Aut)<br>30\/06\/19 &#8211; GS maschile e femminile Predklasteri (Cze)&nbsp;<br>01\/07\/19 &#8211; SL maschile e femminile Predklasteri (Cze) &#8211; GS\/SL&nbsp;<br>06\/07\/19 &#8211; GS maschile e femminile Cortina (Ita)&nbsp;<br>07\/07\/19 &#8211; SL maschile e femminile Cortina (Ita)<br>25\/08\/19 &#8211; GS maschile e femminile Dizin (Irn)<br>26\/08\/19 &#8211; SL maschile e femminile Dizin (Irn)<br>27\/08\/19 &#8211; SC maschile e femminile Dizin (Irn)<br>12-15 settembre &#8211; Italia, localit\u00e0 da stabilire &#8211; GS\/SG\/SL\/SC Coppa del mondo<\/p>\n\n\n\n<p><em><strong>Le date delle gare Fis:<\/strong><\/em><br>25\/05\/19 &#8211; GS maschile e femminile Piestany (Svk)<br>26\/05\/19 &#8211; SL maschile e femminile Piestany (Svk)<br>31\/05\/19 &#8211; SC maschile e femminile Bommeli (Svi)<br>01\/06\/19 &#8211; SL maschile e femminile Bommeli (Svi)<br>02\/06\/19 &#8211; GS maschile e femminile Bommeli (Svi)<br>21\/06\/19 &#8211; SG maschile e femminile Schwarzenbach (Aut)<br>22\/06\/19 &#8211; GS maschile e femminile Schwarzenbach (Aut)<br>23\/06\/19 &#8211; SL maschile e femminile Schwarzenbach (Aut)<br>22\/08\/19 &#8211; GS maschile e femminile Dizin (Irn)<br>23\/08\/19 &#8211; SL maschile e femminile Dizin (Irn)<br>24\/08\/19 &#8211; SC maschile e femminile Dizin (Irn)<br>24\/08\/19 &#8211; SG maschile e femminile Dizin (Irn)<\/p>\n\n\n\n<p><em><strong>Le date dei Mondiali seniores:<\/strong><\/em><br>14\/08\/19 &#8211; SC maschile e femminile Marbachegg (Svi)<br>15\/08\/19 &#8211; GS maschile e femminile Marbachegg (Svi)<br>17\/08\/19 &#8211; SL maschile e femminile Marbachegg (Svi)<br>18\/08\/19 &#8211; SG maschile e femminile Marbachegg (Svi)<\/p>\n\n\n\n<p><em><strong>Le date dei Mondiali juniores:<\/strong><\/em><br>31\/07\/19 &#8211; GS maschile e femminile Stitna nad Vlari (Repubblica Ceca)<br>01\/08\/19 &#8211; SG maschile e femminile Stitna nad Vlari (Repubblica Ceca)<br>02\/08\/19 &#8211; SC maschile e femminile Stitna nad Vlari (Repubblica Ceca)<br>03\/08\/19 &#8211; SL maschile e femminile Stitna nad Vlari (Repubblica Ceca)\n\n<\/p>\n","protected":false},"excerpt":{"rendered":"<p>La Federazione Internazionale dello Sci ha definito il calendario completo della prossima stagione di competizioni, ormai prossima all&#8217;avvio. Le tappe previste di Coppa del mondo sono cinque per un totale di tredici gare machili e altrettante femminile, due di queste saranno in Italia, con la novit\u00e0 di Cortina d&#8217;Ampezzo con con un gigante e uno slalom sabato 6 e domencia&hellip;<\/p>\n","protected":false},"author":4,"featured_media":5708,"comment_status":"closed","ping_status":"open","sticky":false,"template":"","format":"standard","meta":{"_acf_changed":false,"footnotes":""},"categories":[10,62,13,14,15,252],"tags":[],"acf":[],"_links":{"self":[{"href":"https:\/\/comitati.fisi.org\/veneto\/wp-json\/wp\/v2\/posts\/5924"}],"collection":[{"href":"https:\/\/comitati.fisi.org\/veneto\/wp-json\/wp\/v2\/posts"}],"about":[{"href":"https:\/\/comitati.fisi.org\/veneto\/wp-json\/wp\/v2\/types\/post"}],"author":[{"embeddable":true,"href":"https:\/\/comitati.fisi.org\/veneto\/wp-json\/wp\/v2\/users\/4"}],"replies":[{"embeddable":true,"href":"https:\/\/comitati.fisi.org\/veneto\/wp-json\/wp\/v2\/comments?post=5924"}],"version-history":[{"count":0,"href":"https:\/\/comitati.fisi.org\/veneto\/wp-json\/wp\/v2\/posts\/5924\/revisions"}],"wp:featuredmedia":[{"embeddable":true,"href":"https:\/\/comitati.fisi.org\/veneto\/wp-json\/wp\/v2\/media\/5708"}],"wp:attachment":[{"href":"https:\/\/comitati.fisi.org\/veneto\/wp-json\/wp\/v2\/media?parent=5924"}],"wp:term":[{"taxonomy":"category","embeddable":true,"href":"https:\/\/comitati.fisi.org\/veneto\/wp-json\/wp\/v2\/categories?post=5924"},{"taxonomy":"post_tag","embeddable":true,"href":"https:\/\/comitati.fisi.org\/veneto\/wp-json\/wp\/v2\/tags?post=5924"}],"curies":[{"name":"wp","href":"https:\/\/api.w.org\/{rel}","templated":true}]}}