{"id":5712,"date":"2019-04-06T12:31:46","date_gmt":"2019-04-06T12:31:46","guid":{"rendered":"http:\/\/www.fisiveneto.com\/?p=5712"},"modified":"2019-04-06T12:31:46","modified_gmt":"2019-04-06T12:31:46","slug":"stefano-pizzato-secondo-anche-in-gigante-al-pinocchio-sugli-sci","status":"publish","type":"post","link":"https:\/\/comitati.fisi.org\/veneto\/blog\/2019\/04\/06\/stefano-pizzato-secondo-anche-in-gigante-al-pinocchio-sugli-sci\/","title":{"rendered":"Stefano Pizzato (Drusci\u00e9) secondo anche in gigante al Pinocchio sugli sci"},"content":{"rendered":"\n<p>Dopo il secondo posto di ieri in slalom, Stefano Pizzato \u00e8 secondo anche oggi in gigante alla fase internazionale del Pinocchio sugli sci. Il padovano dello Sci club Drusci\u00e9 di Cortina \u00e8 stato preceduto, come gi\u00e0 ieri, dal piemontese Edoardo Saracco. <\/p>\n\n\n\n<div class=\"wp-block-file\"><a href=\"http:\/\/comitati.fisi.org\/veneto\/wp-content\/uploads\/sites\/39\/2019\/04\/3345_Classifica-ufficialeMAS.pdf\">3345_Classifica-ufficialeMAS<\/a><a href=\"http:\/\/comitati.fisi.org\/veneto\/wp-content\/uploads\/sites\/39\/2019\/04\/3345_Classifica-ufficialeMAS.pdf\" class=\"wp-block-file__button\" download>Download<\/a><\/div>\n","protected":false},"excerpt":{"rendered":"<p>Dopo il secondo posto di ieri in slalom, Stefano Pizzato \u00e8 secondo anche oggi in gigante alla fase internazionale del Pinocchio sugli sci. Il padovano dello Sci club Drusci\u00e9 di Cortina \u00e8 stato preceduto, come gi\u00e0 ieri, dal piemontese Edoardo Saracco.<\/p>\n","protected":false},"author":4,"featured_media":5713,"comment_status":"closed","ping_status":"open","sticky":false,"template":"","format":"standard","meta":{"_acf_changed":false,"footnotes":""},"categories":[1],"tags":[],"acf":[],"_links":{"self":[{"href":"https:\/\/comitati.fisi.org\/veneto\/wp-json\/wp\/v2\/posts\/5712"}],"collection":[{"href":"https:\/\/comitati.fisi.org\/veneto\/wp-json\/wp\/v2\/posts"}],"about":[{"href":"https:\/\/comitati.fisi.org\/veneto\/wp-json\/wp\/v2\/types\/post"}],"author":[{"embeddable":true,"href":"https:\/\/comitati.fisi.org\/veneto\/wp-json\/wp\/v2\/users\/4"}],"replies":[{"embeddable":true,"href":"https:\/\/comitati.fisi.org\/veneto\/wp-json\/wp\/v2\/comments?post=5712"}],"version-history":[{"count":0,"href":"https:\/\/comitati.fisi.org\/veneto\/wp-json\/wp\/v2\/posts\/5712\/revisions"}],"wp:featuredmedia":[{"embeddable":true,"href":"https:\/\/comitati.fisi.org\/veneto\/wp-json\/wp\/v2\/media\/5713"}],"wp:attachment":[{"href":"https:\/\/comitati.fisi.org\/veneto\/wp-json\/wp\/v2\/media?parent=5712"}],"wp:term":[{"taxonomy":"category","embeddable":true,"href":"https:\/\/comitati.fisi.org\/veneto\/wp-json\/wp\/v2\/categories?post=5712"},{"taxonomy":"post_tag","embeddable":true,"href":"https:\/\/comitati.fisi.org\/veneto\/wp-json\/wp\/v2\/tags?post=5712"}],"curies":[{"name":"wp","href":"https:\/\/api.w.org\/{rel}","templated":true}]}}