{"id":5695,"date":"2019-04-03T19:17:35","date_gmt":"2019-04-03T19:17:35","guid":{"rendered":"http:\/\/www.fisiveneto.com\/?p=5695"},"modified":"2019-04-03T19:17:35","modified_gmt":"2019-04-03T19:17:35","slug":"finali-di-coppa-alba-de-silvestro-decima-nella-sprint","status":"publish","type":"post","link":"https:\/\/comitati.fisi.org\/veneto\/blog\/2019\/04\/03\/finali-di-coppa-alba-de-silvestro-decima-nella-sprint\/","title":{"rendered":"Finali di Coppa, Alba De Silvestro decima nella sprint"},"content":{"rendered":"\n<p>Il tempio dello slalom speciale \u00e8 tornato protagonista a tre mesi di distanza per un altro evento di Coppa del Mondo, ma questa volta riservato agli sci con le pelli. Il primo atto delle finali del massimo circuito di sci alpinismo \u00e8 dunque andato in scena in versione serale sul canalone Miramonti di Madonna di Campiglio, regalando suggestione per l\u2019ambientazione e per la nevicata che ha accompagnato le gesta dei partecipanti, ma soprattutto emozione per l\u2019arrivo al fotofinish nella gara maschile, dominata dall\u2019azzurro Robert Antonioli che per\u00f2 nella discesa \u00e8 stato recuperato e battuto sotto lo striscione d\u2019arrivo per una punta di sci. A vincere sul vivace campo gara che prevedeva un primo tratto con inversioni artificiali, quindi una ripida scala da affrontare con gli sci nello zaino, per poi gettarsi sul traguardo affrontando in discesa porte da slalom gigante e una parabolica, \u00e8 dunque stato lo spagnolo Oriol Cardona Coll, per 7 centesimi sull\u2019alpino di Valfurva, quindi in terza piazza lo svizzero Iwan Arnold. Il trionfatore di dodici mesi fa Michele Boscacci si \u00e8 dovuto accontentare in questa occasione del quarto posto, ma ha fatto gioco di squadra nei confronti del compagno Antonioli, visto che si \u00e8 lasciato alle spalle il leader della generale Anton Palzer, a sua volta preceduto anche dal francese Thibault Anselmet (primo fra gli under 23).<br>Lontani dal podio i due trentini trentini in gara, decisamente poco affini alle competizioni sprint. Federico Nicolini \u00e8 13\u00b0 e Davide Magnini 18\u00b0. La Coppa di specialit\u00e0 sprint \u00e8 vinta dallo svizzero Arnold con 240 punti su Robert Antonioli con 225 e sullo svizzero Daniel Zugg con 208.<br>In campo femminile affermazione a sorpresa per la slovacca Marianna Jagercikova, grazie ad una prova autoritaria al termine della quale \u00e8 riuscita a precedere le due svizzere Marianne Fatton e Arina Riatsch. Settima la prima delle azzurre Mara Martini, che \u00e8 per\u00f2 risultata la terza miglior under 23. Quarta piazza per la spagnola Marta Garcia Farres, seguita dalle due sorelle francesi Lena e Lorna Bonell. Marianne Fatton vince la Coppetta di specialit\u00e0 con 280 punti su Claudia Galicia Cotrina e su Marta Garcia Farres.<\/p>\n\n\n\n<p><strong>FRA GLI ESPOIR THIBAULT E RIATSCH<br><\/strong>Come da regolamento le classifiche delle categorie under 23 sono state ricavate dall\u2019assoluta, con vittorie finali di due atleti che sono comunque saliti sul podio senior. In campo maschile affermazione per il francese Thibault Anselmet sullo svizzero Arno Lietha e sull\u2019italiano Nicol\u00f2 Ernesto Canclini, quindi fra le ragazze successo per la svizzera Arina Riatsch su Lena Bonnel e Mara Martini.<br>Le coppe di specialit\u00e0 vanno in campo maschile allo svizzero Arno Lietha e fra le ladies alla francese Lena Bonnel.&nbsp;<\/p>\n\n\n\n<p><strong>ROSSI E OSICHKINA FRA GLI JUNIOR<\/strong>Nelle due gare junior ottima prova dei giovani azzurri. In campo maschile la finale \u00e8 tutta nel segno del lombardo di Lanzada Giovanni Rossi, che ha preceduto di 9 secondi il valtellinese Daniele Corazza, quindi terzo il francese Robin Galindo.<br>Fra le gentil donzelle ennesima prova d\u2019autorit\u00e0 della russa leader di Coppa Ekaterina Osichkina, capace di imporsi in maniera agevole, davanti alla valtellinese di Valfurva Samantha Bertolina che ha accusato un ritardo di 27 secondi, quindi sul terzo gradino del podio la svizzera Emilie Farquet e quarta la trentina della Valsugana Valeria Pasquazzo.<br>La Osichkina vince anche la Coppetta di specialit\u00e0 sprint con 300 punti, contro i 260 della Bertolina e i 180 dalla Pasquazzo. In campo maschile la graduatoria di Coppa del Mondo sprint vede trionfare lo svizzero Patrick Perreten con 240 punti, su Giovanni Rossi con 221 e l\u2019altro svizzero Aurelien Gay con 170.<\/p>\n\n\n\n<p><strong>DOMANI SERA LA VERTICAL RACE<\/strong><\/p>\n\n\n\n<p>Domani secondo atto delle finali di Coppa del Mondo a Madonna di Campiglio con la vertical race, che registra una variazione del percorso. Partenza alle 18 dalla base dello Spinale nel cuore di Madonna di Campiglio (quota 1520 metri) e arrivo ai 2103 metri del Monte Spinale (dislivello complessivo di 650 metri), con tre percorsi diversi in base alle categorie. Il pubblico potr\u00e0 seguire la gara in quota (zona arrivo) utilizzando la cabinovia con accesso gratuito dalle 17.45 alle 19.<br>In chiusura di serata ci sar\u00e0 un&#8217;altra gradita novit\u00e0 legata a questa edizione delle finali di Coppa del Mondo, la cena-evento \u201cSkiMo Party\u201d, prevista alle ore 19,30 allo Chalet Fiat. All&#8217;iniziativa prenderanno parte tutti gli atleti e i tecnici, ma anche su prenotazione (<a href=\"mailto:raceoffice@3trecampiglio.it\">raceoffice@3trecampiglio.it<\/a>) possono partecipare gli appassionati.<\/p>\n\n\n\n<p><a href=\"http:\/\/www.ismf-ski.org\/webpages\/competitions\/calendar\/?q=&amp;page=ListRacesAction&amp;type=view&amp;id_parent=215&amp;id_parent2=&amp;id_parent_parent=?q=&amp;page=ListRaceRankingsAction&amp;type=view&amp;id_parent=564&amp;id_parent_parent=215\">Qui<\/a> le classifiche. <\/p>\n","protected":false},"excerpt":{"rendered":"<p>Il tempio dello slalom speciale \u00e8 tornato protagonista a tre mesi di distanza per un altro evento di Coppa del Mondo, ma questa volta riservato agli sci con le pelli. Il primo atto delle finali del massimo circuito di sci alpinismo \u00e8 dunque andato in scena in versione serale sul canalone Miramonti di Madonna di Campiglio, regalando suggestione per l\u2019ambientazione&hellip;<\/p>\n","protected":false},"author":4,"featured_media":3225,"comment_status":"closed","ping_status":"open","sticky":false,"template":"","format":"standard","meta":{"_acf_changed":false,"footnotes":""},"categories":[14,15,39],"tags":[53],"acf":[],"_links":{"self":[{"href":"https:\/\/comitati.fisi.org\/veneto\/wp-json\/wp\/v2\/posts\/5695"}],"collection":[{"href":"https:\/\/comitati.fisi.org\/veneto\/wp-json\/wp\/v2\/posts"}],"about":[{"href":"https:\/\/comitati.fisi.org\/veneto\/wp-json\/wp\/v2\/types\/post"}],"author":[{"embeddable":true,"href":"https:\/\/comitati.fisi.org\/veneto\/wp-json\/wp\/v2\/users\/4"}],"replies":[{"embeddable":true,"href":"https:\/\/comitati.fisi.org\/veneto\/wp-json\/wp\/v2\/comments?post=5695"}],"version-history":[{"count":0,"href":"https:\/\/comitati.fisi.org\/veneto\/wp-json\/wp\/v2\/posts\/5695\/revisions"}],"wp:featuredmedia":[{"embeddable":true,"href":"https:\/\/comitati.fisi.org\/veneto\/wp-json\/wp\/v2\/media\/3225"}],"wp:attachment":[{"href":"https:\/\/comitati.fisi.org\/veneto\/wp-json\/wp\/v2\/media?parent=5695"}],"wp:term":[{"taxonomy":"category","embeddable":true,"href":"https:\/\/comitati.fisi.org\/veneto\/wp-json\/wp\/v2\/categories?post=5695"},{"taxonomy":"post_tag","embeddable":true,"href":"https:\/\/comitati.fisi.org\/veneto\/wp-json\/wp\/v2\/tags?post=5695"}],"curies":[{"name":"wp","href":"https:\/\/api.w.org\/{rel}","templated":true}]}}