{"id":5663,"date":"2019-04-01T14:52:26","date_gmt":"2019-04-01T14:52:26","guid":{"rendered":"http:\/\/www.fisiveneto.com\/?p=5663"},"modified":"2019-04-01T14:52:26","modified_gmt":"2019-04-01T14:52:26","slug":"sci-alpinismo-alba-de-silvestro-alle-finali-di-campiglio","status":"publish","type":"post","link":"https:\/\/comitati.fisi.org\/veneto\/blog\/2019\/04\/01\/sci-alpinismo-alba-de-silvestro-alle-finali-di-campiglio\/","title":{"rendered":"Sci alpinismo, Alba De Silvestro pronta per le finali di Campiglio"},"content":{"rendered":"\n<p>Finale di Coppa del Mondo a Campiglio. Sulle nevi trentine il massimo circuito internazionale d\u00e0 mercoled\u00ec a sabato proporr\u00e0 l&#8217;atto conclusivo della stagione 2018-2019: in programma ci sono sprint, vertical e individuale. Alba De Silvestro \u00e8 pronta a giocarsi il podio: attualmente la comeliana del Centro sportivo Esercito \u00e8 terza nella generale di Coppa, con 445 punti, preceduta dalle spagnole Claudia Galicia Cotrina (559) e Nahia Quincoces Altuna (534) e seguita dall&#8217;elvetica Marianne Fatton (405). \u00abObiettivo minimo \u00e8 confermare il podio\u00bb spiega Alba. \u00abPer il primo gradino la matematica non mi condanna ma riuscire a salirci sar\u00e0 durissima. La sprint mi penalizza, cercher\u00f2 di limitare i danni il pi\u00f9 possibile e poi di fare il pieno di punti nelle altre due prove\u00bb. Con De Silvestro la squadra azzurra coordinata dal direttore tecnico Stefano Bendetti schierer\u00e0 alle finali Robert Antonioli (leader di Coppa), Michele Boscacci, Matteo Eydallin, Damiano Lenzi, Federico Nicolini, Alex Oberbacher, William Boffelli (Seniores), Giulia Murada, Ilaria Veronese, Mara Martini, Giulia Compagnoni, Nicol\u00f2 Canclini, Davide Magnini, Henri Aymonod (Under 23), Samantha Bertolina, Valeria Pasquazzo, Fabien Guichardaz, Sebastien Guichardaz, Giovanni Rossi, Daniele Corazza (Juniores). <\/p>\n\n\n\n<p>Il programma della tre giorni trentina, organizzata dal Comitato 3Tre e dall&#8217;ApT di Madonna di Campiglio Pinzolo Val Rendena, verr\u00e0 aperto mercoled\u00ec 3 aprile dalla spettacolare sprint sul pendio del Canalone Miramonti, con qualificazioni alle ore 16,30 e batterie di finale a partire dalle 20, in notturna.\u00a0Gioved\u00ec 4 aprile, alle ore 18, invece, sar\u00e0 la volta della vertical race sulla pista Spinale Diretta, a precedere il gran finale di sabato 6 aprile, quando andr\u00e0 in scena la 45esima Ski Alp Race Dolomiti di Brenta. Lo start verr\u00e0 dato alle 9,30 per le categorie senior ed espoir maschili e alle 9,45 per senior donne, espoir donne e junior maschi. Alle 10,15, infine, toccher\u00e0 alle junior donne.<\/p>\n\n\n\n<p>Le premiazioni finali si terranno alle ore 14 al Palacampiglio, mentre quelle delle gare sprint e vertical avranno luogo in Piazza Sissi alle ore 17.30 di venerd\u00ec 5 aprile, nella giornata di riposo per gli atleti.&nbsp;La novit\u00e0 di questa edizione delle finali di Coppa del Mondo \u00e8 la cena evento \u201cSkiMo Party\u201d, prevista per gioved\u00ec alle 19.30 presso lo Chalet Fiat dopo l\u2019arrivo della gara sullo spinale. Saranno presenti tutti gli atleti e tecnici ma non solo. <\/p>\n\n\n\n<p><\/p>\n","protected":false},"excerpt":{"rendered":"<p>Finale di Coppa del Mondo a Campiglio. Sulle nevi trentine il massimo circuito internazionale d\u00e0 mercoled\u00ec a sabato proporr\u00e0 l&#8217;atto conclusivo della stagione 2018-2019: in programma ci sono sprint, vertical e individuale. Alba De Silvestro \u00e8 pronta a giocarsi il podio: attualmente la comeliana del Centro sportivo Esercito \u00e8 terza nella generale di Coppa, con 445 punti, preceduta dalle spagnole&hellip;<\/p>\n","protected":false},"author":4,"featured_media":724,"comment_status":"closed","ping_status":"open","sticky":false,"template":"","format":"standard","meta":{"_acf_changed":false,"footnotes":""},"categories":[9,10,39],"tags":[53],"acf":[],"_links":{"self":[{"href":"https:\/\/comitati.fisi.org\/veneto\/wp-json\/wp\/v2\/posts\/5663"}],"collection":[{"href":"https:\/\/comitati.fisi.org\/veneto\/wp-json\/wp\/v2\/posts"}],"about":[{"href":"https:\/\/comitati.fisi.org\/veneto\/wp-json\/wp\/v2\/types\/post"}],"author":[{"embeddable":true,"href":"https:\/\/comitati.fisi.org\/veneto\/wp-json\/wp\/v2\/users\/4"}],"replies":[{"embeddable":true,"href":"https:\/\/comitati.fisi.org\/veneto\/wp-json\/wp\/v2\/comments?post=5663"}],"version-history":[{"count":0,"href":"https:\/\/comitati.fisi.org\/veneto\/wp-json\/wp\/v2\/posts\/5663\/revisions"}],"wp:featuredmedia":[{"embeddable":true,"href":"https:\/\/comitati.fisi.org\/veneto\/wp-json\/wp\/v2\/media\/724"}],"wp:attachment":[{"href":"https:\/\/comitati.fisi.org\/veneto\/wp-json\/wp\/v2\/media?parent=5663"}],"wp:term":[{"taxonomy":"category","embeddable":true,"href":"https:\/\/comitati.fisi.org\/veneto\/wp-json\/wp\/v2\/categories?post=5663"},{"taxonomy":"post_tag","embeddable":true,"href":"https:\/\/comitati.fisi.org\/veneto\/wp-json\/wp\/v2\/tags?post=5663"}],"curies":[{"name":"wp","href":"https:\/\/api.w.org\/{rel}","templated":true}]}}