{"id":5535,"date":"2019-03-24T17:10:13","date_gmt":"2019-03-24T17:10:13","guid":{"rendered":"http:\/\/www.fisiveneto.com\/?p=5535"},"modified":"2019-03-24T17:10:13","modified_gmt":"2019-03-24T17:10:13","slug":"tricolori-di-cortina-vince-hannes-zingerle-da-applausi-giovanni-franzoni-ottavo","status":"publish","type":"post","link":"https:\/\/comitati.fisi.org\/veneto\/blog\/2019\/03\/24\/tricolori-di-cortina-vince-hannes-zingerle-da-applausi-giovanni-franzoni-ottavo\/","title":{"rendered":"Tricolori di Cortina, vince Hannes Zingerle. Da applausi Giovanni Franzoni, ottavo"},"content":{"rendered":"\n<p><br>Va all&#8217;altoatesino Hannes Zingerle l&#8217;ultimo titolo, quello del gigante, della rassegna proposta ai piedi delle Tofane dalla Fondazione Cortina 2021 come test event in vista delle finali di Coppa del Mondo della prossima stagione e soprattutto dei Mondiali del 2021. Oggi, sulla nuova pista Il portacolori delle Fiamme Gialle, che ha chiuso al secondo posto assoluto la gara vinta dall&#8217;austriaco Roland Leitinger, ha preceduto due corregionali, Alex Hofer (Fiamme Gialle) e Simon Maurberger (Carabinieri), rispettivamente in ritardo di 57 e 95 centesimi. Ai piedi del podio Giovanni Borsotti (Carabinieri), quarto a 1&#8243;18, Andrea Ballerin (Fiamme Oro) quinto a 1&#8243;21 e Luca De Aliprandini (Fiamme Gialle) sesto a 1&#8243;45. Ottima la prova di Giovanni Franzoni, bresciano dello Ski College Veneto di Falcade), che ha conquistato un posto in Nazionale nella prossima stagione vincendo il Gran Premio Italia Giovani in questi giorni: qui ha chiuso nono assoluto e ottavo italiano a 1&#8243;83. <br> Per Hannes Zingerle \u00e8 il primo trionfo in carriera agli Assoluti: ha costruito il suo successo gi\u00e0 nella prima manche ripresentandosi con 16 centesimi di vantaggio su Alex Hofer, ma ben pi\u00f9 consistente sugli altri. Con Riccardo Tonetti fuori gioco per un infortunio che lo ha costretto a chiudere la stagione in anticipo, Manfred Moelgg assente e Giulio Bosca, campione in carica, uscito nella prima manche, il ventitreenne carabiniere \u00e8 stato bravo a farsi valere anche nei confronti di avversari che in questa stagione avevano fatto bene, come Andrea Ballerin, o che vantano pi\u00f9 presenze in Coppa del mondo. Da segnalare la nona posizione di Federico Liberatore (Fiamme Oro), atteso l&#8217;anno prossimo dopo l&#8217;infortunio che di fatto lo ha costretto a stare fuori per gran parte di questa stagione.  \u00ab\u00c8 un periodo molto bello per me, caratterizzato dalla vittoria di una gara in Coppa Europa a Kraniska Gora e coronato da questo titolo che \u00e8 il mio primo\u00bb ha detto il vincitore. \u00ab Non sempre \u00e8 facile raggiungere gli obiettivi che si sono prefissati, ma ci vuole molto lavoro e i conti si tirano solo a fine carriera. I miei prossimi obiettivi sono chiari: continuare a primeggiare in Coppa Europa e poi compiere finalmente il salto in Coppa del mondo\u00bb.<br><\/p>\n\n\n\n<p><a href=\"http:\/\/www.fdariz.net\/cia2019\/\">Qui<\/a> le classifiche. <\/p>\n","protected":false},"excerpt":{"rendered":"<p>Va all&#8217;altoatesino Hannes Zingerle l&#8217;ultimo titolo, quello del gigante, della rassegna proposta ai piedi delle Tofane dalla Fondazione Cortina 2021 come test event in vista delle finali di Coppa del Mondo della prossima stagione e soprattutto dei Mondiali del 2021. Oggi, sulla nuova pista Il portacolori delle Fiamme Gialle, che ha chiuso al secondo posto assoluto la gara vinta dall&#8217;austriaco&hellip;<\/p>\n","protected":false},"author":4,"featured_media":5536,"comment_status":"closed","ping_status":"open","sticky":false,"template":"","format":"standard","meta":{"_acf_changed":false,"footnotes":""},"categories":[1],"tags":[],"acf":[],"_links":{"self":[{"href":"https:\/\/comitati.fisi.org\/veneto\/wp-json\/wp\/v2\/posts\/5535"}],"collection":[{"href":"https:\/\/comitati.fisi.org\/veneto\/wp-json\/wp\/v2\/posts"}],"about":[{"href":"https:\/\/comitati.fisi.org\/veneto\/wp-json\/wp\/v2\/types\/post"}],"author":[{"embeddable":true,"href":"https:\/\/comitati.fisi.org\/veneto\/wp-json\/wp\/v2\/users\/4"}],"replies":[{"embeddable":true,"href":"https:\/\/comitati.fisi.org\/veneto\/wp-json\/wp\/v2\/comments?post=5535"}],"version-history":[{"count":0,"href":"https:\/\/comitati.fisi.org\/veneto\/wp-json\/wp\/v2\/posts\/5535\/revisions"}],"wp:featuredmedia":[{"embeddable":true,"href":"https:\/\/comitati.fisi.org\/veneto\/wp-json\/wp\/v2\/media\/5536"}],"wp:attachment":[{"href":"https:\/\/comitati.fisi.org\/veneto\/wp-json\/wp\/v2\/media?parent=5535"}],"wp:term":[{"taxonomy":"category","embeddable":true,"href":"https:\/\/comitati.fisi.org\/veneto\/wp-json\/wp\/v2\/categories?post=5535"},{"taxonomy":"post_tag","embeddable":true,"href":"https:\/\/comitati.fisi.org\/veneto\/wp-json\/wp\/v2\/tags?post=5535"}],"curies":[{"name":"wp","href":"https:\/\/api.w.org\/{rel}","templated":true}]}}