{"id":5491,"date":"2019-03-23T11:41:01","date_gmt":"2019-03-23T11:41:01","guid":{"rendered":"http:\/\/www.fisiveneto.com\/?p=5491"},"modified":"2019-03-23T11:41:01","modified_gmt":"2019-03-23T11:41:01","slug":"pietro-canzio-e-campione-italiano-di-slalom-speciale","status":"publish","type":"post","link":"https:\/\/comitati.fisi.org\/veneto\/blog\/2019\/03\/23\/pietro-canzio-e-campione-italiano-di-slalom-speciale\/","title":{"rendered":"Pietro Canzio \u00e8 campione italiano di slalom"},"content":{"rendered":"\n<p>Spunta un&#8217;altra sorpresa ai campionati italiani di Cortina. Sulla pista Drusci\u00e9 a conquistare il tricolore dello slalom \u00e8 stato Pietro Canzio, uno dei talenti pi\u00f9 promettenti della Nazionale italiana, che ha nella polivalenza la propria forza. L&#8217;atleta classe 1998, che agli YOG 2016 di Lillehammer fu argento in superG e bronzo in combinata, ha conquistato la medaglia d&#8217;oro agli Assoluti tra i pali stretti rimontando tre posizioni nella seconda manche.<\/p>\n\n\n\n<p>Il triestino, infatti, era quarto al mattino, con 45 centesimi di distacco dalla vetta, ma al ritorno in pista \u00e8 balzato davanti a tutti e gli atleti che lo precedevano, Giordano Ronci, Alex Vinatzer e Simon Maurberger, sono usciti tutti nella seconda manche. Cos\u00ec l&#8217;azzurro del gruppo C della Nazionale si \u00e8 laureato campione d&#8217;Italia ed \u00e8 l&#8217;ottavo vincitore diverso nelle ultime otto edizioni dopo Roberto Nani, Manfred Moelgg, Stefano Gross, Giuliano Razzoli, Patrick Thaler, Tommaso Sala e Riccardo Tonetti.<\/p>\n\n\n\n<p>Sul podio sono saliti anche Fabian Bacher, medaglia d&#8217;argento per il secondo anno di fila con 28 centesimi di distacco da Canzio, e Hans Vaccari, bronzo a 34 centesimi. Di poco fuori Andrea Ballerin e Francesco Gori, gli unici a contenere il ritardo entro il secondo. Erano usciti nella prima manche i due azzurri del gruppo di Coppa del mondo presenti a Cortina, cio\u00e8 Manfred Moelgg e Giuliano Razzoli. Assente Stefano Gross, reduce dall&#8217;operazione. Domenica 24 marzo si chiude il programma degli Assoluti, con il gigante maschile.<\/p>\n\n\n\n<p>Ordine d&#8217;arrivo SL maschile Campionati italiani assoluti Cortina (Ita)<br> 1 CANZIO Pietro ITA 44.35 46.92 1:31.27 <br> 2 BACHER Fabian ITA 45.06 46.49 1:31.55 +0.28 <br> 3 VACCARI Hans ITA 44.71 46.90 1:31.61 +0.34 <br> 4 BALLERIN Andrea ITA 44.74 47.19 1:31.93 +0.66 <br> 5 GORI Francesco ITA 45.12 46.82 1:31.94 +0.67 <br> 6 LIBERATORE Federico ITA 45.85 46.73 1:32.58 +1.31 <br> 7 FRANCESCHETTI Pietro ITA 45.20 47.96 1:33.16 +1.89 <br> 8 NANI Roberto ITA 45.99 47.50 1:33.49 +2.22 <br> 9 BARUFFALDI Stefano ITA 45.10 48.45 1:33.55 +2.28 <br> 10 ALLEGRINI Riccardo ITA 46.98 46.64 1:33.62 +2.35<\/p>\n\n\n\n<p>Nel gigante femminile 7. posto per Sofia Pizzato. <\/p>\n\n\n\n<p><a href=\"https:\/\/www.cortina2021.com\/assoluti-italiani\/\">Qui <\/a>il dettaglio. <\/p>\n\n\n\n<figure class=\"wp-block-image\"><img decoding=\"async\" src=\"http:\/\/www.fisiveneto.com\/wp-content\/uploads\/2019\/03\/WhatsApp-Image-2019-03-23-at-12.36.16-1024x768.jpeg\" alt=\"\" class=\"wp-image-5492\" \/><\/figure>\n","protected":false},"excerpt":{"rendered":"<p>Spunta un&#8217;altra sorpresa ai campionati italiani di Cortina. Sulla pista Drusci\u00e9 a conquistare il tricolore dello slalom \u00e8 stato Pietro Canzio, uno dei talenti pi\u00f9 promettenti della Nazionale italiana, che ha nella polivalenza la propria forza. L&#8217;atleta classe 1998, che agli YOG 2016 di Lillehammer fu argento in superG e bronzo in combinata, ha conquistato la medaglia d&#8217;oro agli Assoluti&hellip;<\/p>\n","protected":false},"author":4,"featured_media":4781,"comment_status":"closed","ping_status":"open","sticky":false,"template":"","format":"standard","meta":{"_acf_changed":false,"footnotes":""},"categories":[58,678],"tags":[580],"acf":[],"_links":{"self":[{"href":"https:\/\/comitati.fisi.org\/veneto\/wp-json\/wp\/v2\/posts\/5491"}],"collection":[{"href":"https:\/\/comitati.fisi.org\/veneto\/wp-json\/wp\/v2\/posts"}],"about":[{"href":"https:\/\/comitati.fisi.org\/veneto\/wp-json\/wp\/v2\/types\/post"}],"author":[{"embeddable":true,"href":"https:\/\/comitati.fisi.org\/veneto\/wp-json\/wp\/v2\/users\/4"}],"replies":[{"embeddable":true,"href":"https:\/\/comitati.fisi.org\/veneto\/wp-json\/wp\/v2\/comments?post=5491"}],"version-history":[{"count":0,"href":"https:\/\/comitati.fisi.org\/veneto\/wp-json\/wp\/v2\/posts\/5491\/revisions"}],"wp:featuredmedia":[{"embeddable":true,"href":"https:\/\/comitati.fisi.org\/veneto\/wp-json\/wp\/v2\/media\/4781"}],"wp:attachment":[{"href":"https:\/\/comitati.fisi.org\/veneto\/wp-json\/wp\/v2\/media?parent=5491"}],"wp:term":[{"taxonomy":"category","embeddable":true,"href":"https:\/\/comitati.fisi.org\/veneto\/wp-json\/wp\/v2\/categories?post=5491"},{"taxonomy":"post_tag","embeddable":true,"href":"https:\/\/comitati.fisi.org\/veneto\/wp-json\/wp\/v2\/tags?post=5491"}],"curies":[{"name":"wp","href":"https:\/\/api.w.org\/{rel}","templated":true}]}}