{"id":5381,"date":"2019-03-17T14:25:28","date_gmt":"2019-03-17T14:25:28","guid":{"rendered":"http:\/\/www.fisiveneto.com\/?p=5381"},"modified":"2019-03-17T14:25:28","modified_gmt":"2019-03-17T14:25:28","slug":"dominik-paris-la-stella-degli-assoluti-di-cortina","status":"publish","type":"post","link":"https:\/\/comitati.fisi.org\/veneto\/blog\/2019\/03\/17\/dominik-paris-la-stella-degli-assoluti-di-cortina\/","title":{"rendered":"Dominik Paris, la stella degli Assoluti di Cortina"},"content":{"rendered":"\n<p>Il\nprotagonista assoluto sar\u00e0 senz&#8217;altro Dominik Paris, campione del\nmondo e fresco vincitore della Coppa di superG alle recenti Finali di\nSoldeu. Il carabiniere della Val d&#8217;Ultimo, 29 anni, ha appena portato\na termine la miglior stagione della sua carriera, costellata da sette\nsuccessi e altri tre podi nel circus di Coppa, ed \u00e8 cos\u00ec divenuto\nil pi\u00f9 forte velocista italiano di tutti i tempi, sopravanzando\nanche l&#8217;ampezzano Kristian Ghedina, per molti anni recordman\nincontrastato.<\/p>\n\n\n\n<p>Ma\nora per &#8220;Domme&#8221; potrebbe arrivare la classica ciliegina su\nuna splendida torta: il titolo italiano sulla nuova Vertigine, la\npista che ospiter\u00e0 le gare veloci maschili delle Finali 2020 e dei\nMondiali 2021. L&#8217;occasione sar\u00e0 quella dei Campionati Assoluti, che\nCortina ospiter\u00e0 dal 19 al 24 marzo prossimi, grazie\nall&#8217;organizzazione della Fondazione 2021.<\/p>\n\n\n\n<p>Sar\u00e0\nper tutti l&#8217;occasione per effettuare il primo test sul tracciato a\ncui si lavora da molti anni e che rappresenta quanto di pi\u00f9 moderno\nsi possa trovare nello sci alpino di alto livello: 820 metri di\nsviluppo per una pendenza massima del 71%, con velocit\u00e0 che\nsupereranno il 130 km\/h. Un vero tuffo dall&#8217;alto delle Tofane che\nemozioner\u00e0 il pubblico di tutto il mondo.<\/p>\n\n\n\n<p>Intanto,\nper\u00f2, saranno molti gli atleti che proveranno a &#8220;fare lo\nsgambetto&#8221; a Re Dominik per la conquista dello scudetto, a\npartire da Christof Innerhofer (Fiamme Gialle), l&#8217;altro azzurro di\npunta, quest&#8217;anno per tre volte a podio in Coppa e gi\u00e0 titolare di\ndue medaglie olimpiche e tre iridate. Ci saranno poi Matteo Marsaglia\n(Esercito) e Mattia Casse (Fiamme Oro), in crescita di rendimento nel\nfinale della stagione e i giovani, come Davide Cazzaniga (Esercito),\nfresco titolare di un posto fisso nella prossima Coppa del mondo, o\nFlorian Schieder (Carabinieri), che non perderanno l&#8217;occasione per\nmostrarsi alla ribalta.<\/p>\n\n\n\n<p>E\nci saranno anche alcuni campioni stranieri, naturalmente non in gara\nper gli scudetti, ma che vorranno prendere confidenza con il nuovo\npendio veloce ampezzano. Su tutti gli austriaci Matthias Mayer,\ncampione olimpico in carica, sempre in superG; Vincent Kriechmayr,\nsecondo alle spalle di Paris ai Mondiali di Are, e Hannes Reichelt,\nl&#8217;esperto atleta di Radstadt, gi\u00e0 campione del mondo nel 2015.<\/p>\n\n\n\n<p>Le\ngare veloci maschili, e la combinata, si disputeranno gioved\u00ec e\nvenerd\u00ec, ma partir\u00e0 anche il programma delle gare tecniche, sia\nmaschili che femminili, che saranno sempre ospitati sulle nuove\npiste: i giganti (femminile sabato 23 e maschile domenica 24) sulla\nparte finale della Vertigine, e gli slalom (femminile venerd\u00ec 22 e\nmaschile sabato 23) che invece segneranno il debutto della Drusci\u00e8\nA. Altra pista molto tecnica con pendenze fino al 52%, che sar\u00e0\ntutta da scoprire per gli specialisti e le specialiste della\ndisciplina: su tutti Manfred Moelgg (Fiamme Gialle) e l&#8217;astro\nnascente Alex Vinatzer (Fiamme Gialle).<\/p>\n\n\n\n<p>Attesa\nanche per le Azzurre, a partire da Federica Brignone e Sofia Goggia,\nentrambe autrici di una grande stagione. La carabiniera valdostana \u00e8\nsalita sul podio in tre differenti discipline quest\u2019anno, mentre la\nfinanziera bergamasca \u00e8 stata autrice di un grandioso recupero, dopo\nl\u2019infortunio che l\u2019aveva fermata lo scorso ottobre, riuscendo a\ntornare subito sul podio di Coppa del mondo e ad infilarsi al collo\nl\u2019argento del superG ai Mondiali svedesi, quindici giorni dopo aver\nrimesso gli sci. Tra le altre anche Marta Bassino (Esercito) e Lara\nDella Mea (Esercito), entrambe medaglia di bronzo nella Team Event\ndei Mondiali.<\/p>\n\n\n\n<p>Di\nseguito il programma delle gare:<\/p>\n\n\n\n<p><strong>Mercoled\u00ec\n20 marzo<\/strong><\/p>\n\n\n\n<p>1\/a\ne 2\/a prova cronometrata Discesa maschile | pista Vertigine<\/p>\n\n\n\n<p><strong>Gioved\u00ec\n21 marzo<\/strong><\/p>\n\n\n\n<p>Discesa\nmaschile e Combinata Alpina | pista Vertigine<\/p>\n\n\n\n<p><strong>Venerd\u00ec\n22 marzo<\/strong><\/p>\n\n\n\n<p>SuperG\nmaschile | pista Vertigine \n<\/p>\n\n\n\n<p>Slalom\nfemminile | pista Drusci\u00e9 A \n<\/p>\n\n\n\n<p><strong>Sabato\n23 marzo<\/strong><\/p>\n\n\n\n<p>Slalom\nmaschile | pista Drusci\u00e9 A \n<\/p>\n\n\n\n<p>Gigante\nfemminile | pista Vertigine<\/p>\n\n\n\n<p><strong>Domenica\n24 marzo<\/strong><\/p>\n\n\n\n<p>Gigante\nmaschile | pista Vertigine<\/p>\n\n\n\n<p>Le\nschede delle piste di gara:<\/p>\n\n\n\n<p><strong>Vertigine<\/strong><\/p>\n\n\n\n<p>Partenza:\n2.380 mt \n<\/p>\n\n\n\n<p>Arrivo:\n1.560 mt \n<\/p>\n\n\n\n<p>Dislivello:\n820 mt \n<\/p>\n\n\n\n<p>Sviluppo:\n2.850 mt \n<\/p>\n\n\n\n<p>Pendenza\nmedia: 56% \n<\/p>\n\n\n\n<p>Pendenza\nmassima: 71% \n<\/p>\n\n\n\n<p>Velocit\u00e0\nmedia: 100\/105 km\/h \n<\/p>\n\n\n\n<p>Velocit\u00e0\nmassima: 130 km\/h<\/p>\n\n\n\n<p><strong>Drusci\u00e8\nA<\/strong><\/p>\n\n\n\n<p>Partenza:\n1.680 mt \n<\/p>\n\n\n\n<p>Arrivo:\n1.480 mt \n<\/p>\n\n\n\n<p>Dislivello:\n200 mt \n<\/p>\n\n\n\n<p>Sviluppo:\n485 mt \n<\/p>\n\n\n\n<p>Pendenza\nmedia: 41% \n<\/p>\n\n\n\n<p>Pendenza\nmassima: 52% \n<\/p>\n\n\n\n<p>Larghezza:\n40 mt &#8211; 100 mt<\/p>\n","protected":false},"excerpt":{"rendered":"<p>Il protagonista assoluto sar\u00e0 senz&#8217;altro Dominik Paris, campione del mondo e fresco vincitore della Coppa di superG alle recenti Finali di Soldeu. Il carabiniere della Val d&#8217;Ultimo, 29 anni, ha appena portato a termine la miglior stagione della sua carriera, costellata da sette successi e altri tre podi nel circus di Coppa, ed \u00e8 cos\u00ec divenuto il pi\u00f9 forte velocista&hellip;<\/p>\n","protected":false},"author":4,"featured_media":5382,"comment_status":"closed","ping_status":"open","sticky":false,"template":"","format":"standard","meta":{"_acf_changed":false,"footnotes":""},"categories":[58,62,360,14,19],"tags":[],"acf":[],"_links":{"self":[{"href":"https:\/\/comitati.fisi.org\/veneto\/wp-json\/wp\/v2\/posts\/5381"}],"collection":[{"href":"https:\/\/comitati.fisi.org\/veneto\/wp-json\/wp\/v2\/posts"}],"about":[{"href":"https:\/\/comitati.fisi.org\/veneto\/wp-json\/wp\/v2\/types\/post"}],"author":[{"embeddable":true,"href":"https:\/\/comitati.fisi.org\/veneto\/wp-json\/wp\/v2\/users\/4"}],"replies":[{"embeddable":true,"href":"https:\/\/comitati.fisi.org\/veneto\/wp-json\/wp\/v2\/comments?post=5381"}],"version-history":[{"count":0,"href":"https:\/\/comitati.fisi.org\/veneto\/wp-json\/wp\/v2\/posts\/5381\/revisions"}],"wp:featuredmedia":[{"embeddable":true,"href":"https:\/\/comitati.fisi.org\/veneto\/wp-json\/wp\/v2\/media\/5382"}],"wp:attachment":[{"href":"https:\/\/comitati.fisi.org\/veneto\/wp-json\/wp\/v2\/media?parent=5381"}],"wp:term":[{"taxonomy":"category","embeddable":true,"href":"https:\/\/comitati.fisi.org\/veneto\/wp-json\/wp\/v2\/categories?post=5381"},{"taxonomy":"post_tag","embeddable":true,"href":"https:\/\/comitati.fisi.org\/veneto\/wp-json\/wp\/v2\/tags?post=5381"}],"curies":[{"name":"wp","href":"https:\/\/api.w.org\/{rel}","templated":true}]}}