{"id":5375,"date":"2019-03-16T18:06:45","date_gmt":"2019-03-16T18:06:45","guid":{"rendered":"http:\/\/www.fisiveneto.com\/?p=5375"},"modified":"2019-03-16T18:06:45","modified_gmt":"2019-03-16T18:06:45","slug":"lordine-di-partenza-del-memorial-manfroi-partenza-anticipata-alle-9","status":"publish","type":"post","link":"https:\/\/comitati.fisi.org\/veneto\/blog\/2019\/03\/16\/lordine-di-partenza-del-memorial-manfroi-partenza-anticipata-alle-9\/","title":{"rendered":"L&#8217;ordine di partenza del memorial Manfroi. Il via  anticipato alle 9"},"content":{"rendered":"\n<p>Domani in Val di Gar\u00e8s lo Sci club Canale d&#8217;Agordo proporr\u00e0 il memorial Franco Manfroi. Il via \u00e8 stato anticipato alle 9. In allegato il comunicato della giuria e l&#8217;ordine di partenza. <\/p>\n\n\n\n<div class=\"wp-block-file\"><a href=\"http:\/\/comitati.fisi.org\/veneto\/wp-content\/uploads\/sites\/39\/2019\/03\/Comunicato-della-Giuria.pdf\">Comunicato-della-Giuria<\/a><a href=\"http:\/\/comitati.fisi.org\/veneto\/wp-content\/uploads\/sites\/39\/2019\/03\/Comunicato-della-Giuria.pdf\" class=\"wp-block-file__button\" download>Download<\/a><\/div>\n\n\n\n<div class=\"wp-block-file\"><a href=\"http:\/\/comitati.fisi.org\/veneto\/wp-content\/uploads\/sites\/39\/2019\/03\/Odp_11_Tr.Manfroi.pdf\">Odp_11_Tr.Manfroi<\/a><a href=\"http:\/\/comitati.fisi.org\/veneto\/wp-content\/uploads\/sites\/39\/2019\/03\/Odp_11_Tr.Manfroi.pdf\" class=\"wp-block-file__button\" download>Download<\/a><\/div>\n","protected":false},"excerpt":{"rendered":"<p>Domani in Val di Gar\u00e8s lo Sci club Canale d&#8217;Agordo proporr\u00e0 il memorial Franco Manfroi. Il via \u00e8 stato anticipato alle 9. In allegato il comunicato della giuria e l&#8217;ordine di partenza.<\/p>\n","protected":false},"author":4,"featured_media":5378,"comment_status":"closed","ping_status":"open","sticky":false,"template":"","format":"standard","meta":{"_acf_changed":false,"footnotes":""},"categories":[14,15,16],"tags":[],"acf":[],"_links":{"self":[{"href":"https:\/\/comitati.fisi.org\/veneto\/wp-json\/wp\/v2\/posts\/5375"}],"collection":[{"href":"https:\/\/comitati.fisi.org\/veneto\/wp-json\/wp\/v2\/posts"}],"about":[{"href":"https:\/\/comitati.fisi.org\/veneto\/wp-json\/wp\/v2\/types\/post"}],"author":[{"embeddable":true,"href":"https:\/\/comitati.fisi.org\/veneto\/wp-json\/wp\/v2\/users\/4"}],"replies":[{"embeddable":true,"href":"https:\/\/comitati.fisi.org\/veneto\/wp-json\/wp\/v2\/comments?post=5375"}],"version-history":[{"count":0,"href":"https:\/\/comitati.fisi.org\/veneto\/wp-json\/wp\/v2\/posts\/5375\/revisions"}],"wp:featuredmedia":[{"embeddable":true,"href":"https:\/\/comitati.fisi.org\/veneto\/wp-json\/wp\/v2\/media\/5378"}],"wp:attachment":[{"href":"https:\/\/comitati.fisi.org\/veneto\/wp-json\/wp\/v2\/media?parent=5375"}],"wp:term":[{"taxonomy":"category","embeddable":true,"href":"https:\/\/comitati.fisi.org\/veneto\/wp-json\/wp\/v2\/categories?post=5375"},{"taxonomy":"post_tag","embeddable":true,"href":"https:\/\/comitati.fisi.org\/veneto\/wp-json\/wp\/v2\/tags?post=5375"}],"curies":[{"name":"wp","href":"https:\/\/api.w.org\/{rel}","templated":true}]}}