{"id":5354,"date":"2019-03-16T08:22:36","date_gmt":"2019-03-16T08:22:36","guid":{"rendered":"http:\/\/www.fisiveneto.com\/?p=5354"},"modified":"2019-03-16T08:22:36","modified_gmt":"2019-03-16T08:22:36","slug":"sci-alpino-cambia-il-programma-del-tricolori-assoluti-di-cortina","status":"publish","type":"post","link":"https:\/\/comitati.fisi.org\/veneto\/blog\/2019\/03\/16\/sci-alpino-cambia-il-programma-del-tricolori-assoluti-di-cortina\/","title":{"rendered":"Sci alpino, cambia il programma del Tricolori assoluti di Cortina"},"content":{"rendered":"\n<p>\n\nSlitta di un giorno l&#8217;inizio dei Campionati italiani assoluti che si disputeranno la prossima settimana a Cortina d&#8217;Ampezzo. Ecco il nuovo programma gare<\/p>\n\n\n\n<p>Mercoled\u00ec 20 marzo &#8211; Prima e seconda prova discesa maschile<br>Gioved\u00ec 21 marzo &#8211; Discesa maschile<br>Gioved\u00ec 21 marzo &#8211; Combinata maschile<br>Venerd\u00ec 22 marzo &#8211; SuperG maschile<br>Venerd\u00ec 22 marzo &#8211; Slalom femminile<br>Sabato 23 marzo &#8211; Gigante femminile<br>Sabato 23 marzo &#8211; Slalom maschile<br>Domenica 24 marzo &#8211; Gigante maschile<\/p>\n\n\n\n<p>Le tre prove mancanti, combinata, discesa e superG femminile, come gi\u00e0 previsto si terranno la settimana successiva a Passo San Pellegrino.\n\n<\/p>\n","protected":false},"excerpt":{"rendered":"<p>Slitta di un giorno l&#8217;inizio dei Campionati italiani assoluti che si disputeranno la prossima settimana a Cortina d&#8217;Ampezzo. Ecco il nuovo programma gare Mercoled\u00ec 20 marzo &#8211; Prima e seconda prova discesa maschileGioved\u00ec 21 marzo &#8211; Discesa maschileGioved\u00ec 21 marzo &#8211; Combinata maschileVenerd\u00ec 22 marzo &#8211; SuperG maschileVenerd\u00ec 22 marzo &#8211; Slalom femminileSabato 23 marzo &#8211; Gigante femminileSabato 23 marzo&hellip;<\/p>\n","protected":false},"author":4,"featured_media":5131,"comment_status":"closed","ping_status":"open","sticky":false,"template":"","format":"standard","meta":{"_acf_changed":false,"footnotes":""},"categories":[1],"tags":[],"acf":[],"_links":{"self":[{"href":"https:\/\/comitati.fisi.org\/veneto\/wp-json\/wp\/v2\/posts\/5354"}],"collection":[{"href":"https:\/\/comitati.fisi.org\/veneto\/wp-json\/wp\/v2\/posts"}],"about":[{"href":"https:\/\/comitati.fisi.org\/veneto\/wp-json\/wp\/v2\/types\/post"}],"author":[{"embeddable":true,"href":"https:\/\/comitati.fisi.org\/veneto\/wp-json\/wp\/v2\/users\/4"}],"replies":[{"embeddable":true,"href":"https:\/\/comitati.fisi.org\/veneto\/wp-json\/wp\/v2\/comments?post=5354"}],"version-history":[{"count":0,"href":"https:\/\/comitati.fisi.org\/veneto\/wp-json\/wp\/v2\/posts\/5354\/revisions"}],"wp:featuredmedia":[{"embeddable":true,"href":"https:\/\/comitati.fisi.org\/veneto\/wp-json\/wp\/v2\/media\/5131"}],"wp:attachment":[{"href":"https:\/\/comitati.fisi.org\/veneto\/wp-json\/wp\/v2\/media?parent=5354"}],"wp:term":[{"taxonomy":"category","embeddable":true,"href":"https:\/\/comitati.fisi.org\/veneto\/wp-json\/wp\/v2\/categories?post=5354"},{"taxonomy":"post_tag","embeddable":true,"href":"https:\/\/comitati.fisi.org\/veneto\/wp-json\/wp\/v2\/tags?post=5354"}],"curies":[{"name":"wp","href":"https:\/\/api.w.org\/{rel}","templated":true}]}}