{"id":5342,"date":"2019-03-15T13:40:04","date_gmt":"2019-03-15T13:40:04","guid":{"rendered":"http:\/\/www.fisiveneto.com\/?p=5342"},"modified":"2019-03-15T13:40:04","modified_gmt":"2019-03-15T13:40:04","slug":"splendido-bronzo-per-stefano-pizzato-allalpe-cimbra-internazionale","status":"publish","type":"post","link":"https:\/\/comitati.fisi.org\/veneto\/blog\/2019\/03\/15\/splendido-bronzo-per-stefano-pizzato-allalpe-cimbra-internazionale\/","title":{"rendered":"Splendido bronzo per Stefano Pizzato all&#8217;Alpe Cimbra internazionale"},"content":{"rendered":"\n<p>C\u2019\u00e8 anche l\u2019Italia sul podio nella prima giornata della fase internazionale dell\u2019ALPECIMBRA FIS CHILDREN CUP: la giovanissima Lara Colturi, figlia dell\u2019olimpionica Daniela Ceccarelli, si \u00e8 infilata al collo la medaglia di bronzo nello slalom gigante under 14, emulata nello speciale under 16 dal padovano Stefano Pizzato, proveniente anch\u2019egli da una famiglia che ha lo sci nel Dna, fratello dell\u2019azzurra di Coppa Europa Sofia. Medaglia di legno, non senza qualche rimpianto, per i due trentini Sebastiano Zorzi e Beatrice Sola che, pur partendo con un alto numero di pettorale, hanno tenuto il passo dei migliori e sfiorato l\u2019appuntamento con il podio per questione di centesimi (uno soltanto per Zorzi, 16 per la Sola). A esultare, invece, sono state la svizzera Luana Boesch e il francese Pierre Antoine Damevin nella prova tra le porte larghe categoria Ragazzi, quindi l\u2019austriaco Jakob Greber, la svedese Emma Aichner e la norvegese Ulrikke Haugen (prime ex aequo) nello slalom Allievi.<br>La giovane Italia ha offerto un\u2019ottima prova di squadra nello slalom gigante under 14 in manche unica disputato sulla pista Agonistica, con un terzo, un quarto e un quinto posto. A salire sul podio \u00e8 stata&nbsp;<strong>Lara Colturi<\/strong>, figlia della campionessa olimpica dei Giochi di Salt Lake City 2002 Daniela Ceccarelli. La baby promessa dello sci in forza al Golden Team, al primo anno in categoria e due volte seconda nella due giorni delle selezioni nazionali di luned\u00ec e marted\u00ec scorsi, \u00e8 riuscita a salire sul podio alla prima partecipazione al \u201cmondialino\u201d dell\u2019Alpe Cimbra, terza a 95 centesimi dalla vincitrice, la&nbsp;<strong>svizzera Luana Boesch<\/strong>, ma prima delle classe 2006. La medaglia d\u2019argento \u00e8 finita al collo di un\u2019altra svizzera, Laura Huber (seconda a 0\u201d64).<br>Per l\u2019Italia sono poi arrivati due piazzamenti a ridosso della top 10, con l\u2019altoatesina&nbsp;<strong>Lina Stoll<\/strong>&nbsp;e la bresciana&nbsp;<strong>Giulia Romele<\/strong>&nbsp;undicesima e dodicesima con un distacco rispettivamente di 1\u201d93 e 2\u201d06.<br>Altre note liete sono arrivate nel gigante Ragazzi maschile, con gli azzurrini&nbsp;<strong>Sebastiano Zorzi<\/strong>&nbsp;e&nbsp;<strong>Mattia Piotti<\/strong>&nbsp;ai piedi del podio. Chi pu\u00f2 avere qualche rimpianto, pur con la soddisfazione per aver offerto un\u2019ottima prova, \u00e8 il trentino della Val di Fiemme Sebastiano Zorzi che, sceso con un pettorale altissimo, ha mancato l\u2019appuntamento con la medaglia per l\u2019inezia di un centesimo di secondo. Quello che lo ha separato dalla terza piazza del norvegese Victor Vigsnaes.<br>Il classe 2005 di Ziano di Fiemme ha pagato un ritardo di appena 27 centesimi dal vincitore, il&nbsp;<strong>francese Pierre Antoine Damevin<\/strong>, con il russo Ilya Kolunov secondo a 0\u201d15. Ottimo quinto l\u2019alfiere dello Sci Club Collio Mattia Piotti, a 0\u201d61 da Damevin, mentre il vincitore della gara tra le porte larghe delle selezioni nazionali, il trevigiano dello Sci Club Cortina Edoardo Baldo, \u00e8 uscito nella parte alta del muro.<br>La seconda medaglia azzurra di giornata \u00e8 arrivata nello slalom speciale Allievi disputato sulla pista Martinella Nord. A conquistarla \u00e8 stato il promettente talento di Noventa Padovana&nbsp;<strong>Stefano Pizzato<\/strong>, che nella seconda manche ha rimontato una posizione e si \u00e8 garantito un posto sul podio. L\u2019azzurrino, fratello della nazionale Sofia (presente a Folgaria per le finali di Coppa Europa che scatteranno domani), era quarto a met\u00e0 gara a 51 centesimi dallo svedese Philip Lundquist, uscito nella seconda manche. Pizzato ha cos\u00ec visto concretizzarsi il proprio sogno di medaglia: la vittoria \u00e8 andata a&nbsp;<strong>Jakob Greber<\/strong>, che ha permesso all\u2019<strong>Austria<\/strong>&nbsp;di festeggiare con un oro il proprio ritorno all\u2019ALPECIMBRA FIS CHILDREN CUP dopo alcuni anni di assenza, con il finlandese Erik Saravuo argento a 44 centesimi e Pizzato bronzo a 79 centesimi. Decimo il portacolori dell\u2019Equipe Limonte&nbsp;<strong>Edoardo Saracco<\/strong>, dodicesimo a met\u00e0 gara nonostante l\u2019altissimo numero di pettorale e capace di centrare un piazzamento nella top 10 nonostante un grave errore nel tratto pi\u00f9 impegnativo del muro nella seconda manche.<br>Ha masticato amaro, invece, la trentina di Sardagna&nbsp;<strong>Beatrice Sola<\/strong>, che ha mancato l\u2019appuntamento con la medaglia per 16 centesimi. L\u2019azzurrina in forza al Falconeri Ski Team, partita per 42esima, si \u00e8 resa protagonista di un\u2019ottima prima manche, chiusa al terzo posto a 1\u201d60 dall\u2019imprendibile lettone Germane Dzenifera \u2013 gi\u00e0 vittoriosa nella manifestazione sia nel 2017 che nel 2018 &#8211; e a 18 centesimi dal secondo posto della sorprendente israeliana Noa Szollos, poi quinta. La grande favorita, Dzenifera, \u00e8 per\u00f2 stata vittima di un\u2019inforcata nella seconda discesa, facendo aumentare il rammarico di Beatrice Sola, quarta a 16 centesimi dal podio, ovvero dalla slovacca Rebeka Jancova. Quest&#8217;ultima ha chiuso terza a 27 centesimi dalla&nbsp;<strong>svedese Emma Aichner<\/strong>&nbsp;e dalla&nbsp;<strong>norvegese Ulrikke Haugen<\/strong>, oro ex aequo, loro che occupavano rispettivamente il quinto e il sesto posto a met\u00e0 gara. Per l\u2019Italia, poi, sesta piazza per l\u2019altoatesina di Vipiteno&nbsp;<strong>Emma Wieser<\/strong>, con la campigliana&nbsp;<strong>Francesca Gatta<\/strong>&nbsp;(nipote della ex azzurra della Valanga Rosa Wilma) dodicesima.<br>Domani, sabato 16 marzo, si replica con lo slalom gigante Allievi sulla pista Agonistica e lo slalom speciale Ragazzi sulla Martinella Nord. Entrambe le gare si svilupperanno su due manche, con apertura del cancelletto alle ore 8. Contemporaneamente, sulla pista Salizzona sempre a Fondo Grande (Folgaria), andr\u00e0 in scena lo slalom gigante delle finali di Coppa Europa femminile.<\/p>\n\n\n\n<h2 class=\"wp-block-heading\">La gioia da medaglia di Lara Colturi e Stefano Pizzato<\/h2>\n\n\n\n<p>Mettersi al collo una medaglia all\u2019ALPECIMBRA FIS CHILDREN CUP ha sempre un sapore particolare, in primis nel vedere scritto il proprio nome in un albo d\u2019oro infarcito di grandi firme dello sci mondiale, vedi Mikaela Shiffrin, Henrik Kristoffersen, Sofia Goggia e Domink Paris, giusto per citare alcuni degli attuali protagonisti in Coppa del Mondo. L\u2019impresa di salire sul podio \u00e8 riuscita alla figlia d\u2019arte\u00a0<strong>Lara Colturi<\/strong>, che sogna di riuscire a seguire le fortunate orme della mamma Daniela Ceccarelli.<br>\u00abSalire sul podio in una gara importante come questa non pu\u00f2 che lasciarmi soddisfatta e sto vivendo una bellissima esperienza \u2013 racconta la Lara, comprensibilmente raggiante in zona traguardo \u2013 Questa medaglia l\u2019ho costruita nelle gare di selezione di luned\u00ec e marted\u00ec, in cui sono andata molto bene. Forse potevo provare a fare pi\u00f9 velocit\u00e0 sul muro, ma la pista \u00e8 abbastanza impegnativa e complessivamente sono contenta della mia sciata. La neve era ottima e mi sono trovata a mio agio sul pendio di gara. In questo periodo vado meglio in slalom che in gigante, quindi ci riprover\u00f2 domani\u00bb.<br>Sorride, con pieno merito, anche il padovano\u00a0<strong>Stefano Pizzato<\/strong>, bronzo nello slalom Allievi. \u00abSono soddisfatto del mio risultato e di questa bella medaglia \u2013 commenta l\u2019azzurrino \u2013 Nella prima manche ho sciato bene, anche se nel tratto pianeggiante finale non ho spinto come avrei voluto e potuto. Nella seconda, invece, ho commesso un piccolo errore nella parte alta del tracciato, ma non ho molto da rimproverarmi. In gigante prover\u00f2 a ripetermi\u00bb.<br>Ha di che essere soddisfatto, nonostante la medaglia sfumata per un solo centesimo, anche il fiemmese\u00a0<strong>Sebastiano Zorzi<\/strong>. \u00abNon ho molto da rimproverarmi \u2013 commenta il trentino \u2013 Certo, il quarto posto \u00e8 sempre il pi\u00f9 brutto in una gara in cui contano solo le medaglie, soprattutto quando il podio sfuma per un solo centesimo, ma devo essere contento della mia gara. E lo sono. Ho cercato di spingere al massimo e ho sciato bene. Il numero di pettorale? Sono partito tra gli ultimi ma la pista era ancora ottima. Non mi sento penalizzato da quello. Va bene cos\u00ec\u00bb.<\/p>\n\n\n\n<div class=\"wp-block-file\"><a href=\"http:\/\/comitati.fisi.org\/veneto\/wp-content\/uploads\/sites\/39\/2019\/03\/UNDER-14-F.pdf\">UNDER-14-F<\/a><a href=\"http:\/\/comitati.fisi.org\/veneto\/wp-content\/uploads\/sites\/39\/2019\/03\/UNDER-14-F.pdf\" class=\"wp-block-file__button\" download>Download<\/a><\/div>\n\n\n\n<div class=\"wp-block-file\"><a href=\"http:\/\/comitati.fisi.org\/veneto\/wp-content\/uploads\/sites\/39\/2019\/03\/UNDER-14-M.pdf\">UNDER-14-M<\/a><a href=\"http:\/\/comitati.fisi.org\/veneto\/wp-content\/uploads\/sites\/39\/2019\/03\/UNDER-14-M.pdf\" class=\"wp-block-file__button\" download>Download<\/a><\/div>\n\n\n\n<div class=\"wp-block-file\"><a href=\"http:\/\/comitati.fisi.org\/veneto\/wp-content\/uploads\/sites\/39\/2019\/03\/UNDER-16-F.pdf\">UNDER-16-F<\/a><a href=\"http:\/\/comitati.fisi.org\/veneto\/wp-content\/uploads\/sites\/39\/2019\/03\/UNDER-16-F.pdf\" class=\"wp-block-file__button\" download>Download<\/a><\/div>\n\n\n\n<div class=\"wp-block-file\"><a href=\"http:\/\/comitati.fisi.org\/veneto\/wp-content\/uploads\/sites\/39\/2019\/03\/UNDER-16-M.pdf\">UNDER-16-M<\/a><a href=\"http:\/\/comitati.fisi.org\/veneto\/wp-content\/uploads\/sites\/39\/2019\/03\/UNDER-16-M.pdf\" class=\"wp-block-file__button\" download>Download<\/a><\/div>\n","protected":false},"excerpt":{"rendered":"<p>C\u2019\u00e8 anche l\u2019Italia sul podio nella prima giornata della fase internazionale dell\u2019ALPECIMBRA FIS CHILDREN CUP: la giovanissima Lara Colturi, figlia dell\u2019olimpionica Daniela Ceccarelli, si \u00e8 infilata al collo la medaglia di bronzo nello slalom gigante under 14, emulata nello speciale under 16 dal padovano Stefano Pizzato, proveniente anch\u2019egli da una famiglia che ha lo sci nel Dna, fratello dell\u2019azzurra di&hellip;<\/p>\n","protected":false},"author":4,"featured_media":5345,"comment_status":"closed","ping_status":"open","sticky":false,"template":"","format":"standard","meta":{"_acf_changed":false,"footnotes":""},"categories":[122,49,9,14,19],"tags":[],"acf":[],"_links":{"self":[{"href":"https:\/\/comitati.fisi.org\/veneto\/wp-json\/wp\/v2\/posts\/5342"}],"collection":[{"href":"https:\/\/comitati.fisi.org\/veneto\/wp-json\/wp\/v2\/posts"}],"about":[{"href":"https:\/\/comitati.fisi.org\/veneto\/wp-json\/wp\/v2\/types\/post"}],"author":[{"embeddable":true,"href":"https:\/\/comitati.fisi.org\/veneto\/wp-json\/wp\/v2\/users\/4"}],"replies":[{"embeddable":true,"href":"https:\/\/comitati.fisi.org\/veneto\/wp-json\/wp\/v2\/comments?post=5342"}],"version-history":[{"count":0,"href":"https:\/\/comitati.fisi.org\/veneto\/wp-json\/wp\/v2\/posts\/5342\/revisions"}],"wp:featuredmedia":[{"embeddable":true,"href":"https:\/\/comitati.fisi.org\/veneto\/wp-json\/wp\/v2\/media\/5345"}],"wp:attachment":[{"href":"https:\/\/comitati.fisi.org\/veneto\/wp-json\/wp\/v2\/media?parent=5342"}],"wp:term":[{"taxonomy":"category","embeddable":true,"href":"https:\/\/comitati.fisi.org\/veneto\/wp-json\/wp\/v2\/categories?post=5342"},{"taxonomy":"post_tag","embeddable":true,"href":"https:\/\/comitati.fisi.org\/veneto\/wp-json\/wp\/v2\/tags?post=5342"}],"curies":[{"name":"wp","href":"https:\/\/api.w.org\/{rel}","templated":true}]}}