{"id":5039,"date":"2019-03-07T09:03:21","date_gmt":"2019-03-07T09:03:21","guid":{"rendered":"http:\/\/www.fisiveneto.com\/?p=5039"},"modified":"2019-03-07T09:03:21","modified_gmt":"2019-03-07T09:03:21","slug":"grand-prix-lattebusche-la-carica-dei-700","status":"publish","type":"post","link":"https:\/\/comitati.fisi.org\/veneto\/blog\/2019\/03\/07\/grand-prix-lattebusche-la-carica-dei-700\/","title":{"rendered":"Grand Prix Lattebusche, la carica dei 700"},"content":{"rendered":"\n<p>La stagione 2018-2019 del comitato regionale veneto della Federazione italiana sport invernali vivr\u00e0 sabato 9 e domenica 10 marzo uno dei momenti di massima intensit\u00e0, vale a dire la finale della&nbsp;41.&nbsp;<strong>edizione del&nbsp;Grand Prix Lattebusche<\/strong>, l&#8217;evento dello sci alpino e dello sci di fondo dedicato alle categorie Baby (Under 10) e Cuccioli (under 12).<\/p>\n\n\n\n<p>La manifestazione si svolger\u00e0 a Cortina e sar\u00e0 curata dallo Sci club Cortina.&nbsp;Le gare dello sci di fondo si svolgeranno sulla pista di<strong>Passo Tre Croci<\/strong>&nbsp;mentre quelle dello sci alpino a&nbsp;<strong>Pi\u00e8 Tofana<\/strong>, nell&#8217;area, in fase di sistemazione e ampliamento, che ospiter\u00e0 i Mondiali del 2021. Nelle due giornate i giovanissimi atleti impegnati saranno oltre 700, per un totale di oltre mille atleti-gara.<\/p>\n\n\n\n<p><strong>Il programma &#8211;&nbsp;<\/strong>Per quanto riguarda lo sci alpino, sabato si svolger\u00e0 la \u201cfinalina\u201d del gigante, l&#8217;appuntamento che consentir\u00e0, a coloro che non si sono qualificati durante le prove di circoscrizione, di cercare l&#8217;accesso alla finale di domenica. Sempre sabato, per i Cuccioli gi\u00e0 qualificati, si svolger\u00e0 anche uno slalom. Entrambe le gare prenderanno il via alle 10.<\/p>\n\n\n\n<p>La giornata del sabato vedr\u00e0 i fondisti impegnati in una prova individuale in tecnica classica. In questo caso la partenza \u00e8 fissata per le 14.<\/p>\n\n\n\n<p>Domenica il momento atteso tutto una stagione, vale a dire la finale: Baby e Cuccioli dello sci alpino saranno impegnati in gigante, con entrambe le categorie che gareggeranno a partire dalle 10 (salvo decisione diversa della giuria, in base alle condizioni meteo). I fondisti si confronteranno in una gara ad inseguimento, sempre in tecnica classica. Anche in questo caso il via alle 10.<\/p>\n\n\n\n<p>Nel pomeriggio, a partire dalle 14.30, la tradizionale sfilata dei club lungo Corso Italia e le premiazioni che si svolgeranno alla Conchiglia.<\/p>\n\n\n\n<p><strong>La soddisfazione di Roberto Bortoluzzi, presidente Fisi Veneto&nbsp;<\/strong>&#8211; \u00abDopo le trenta gare circoscrizionali, disputate da inizio gennaio allo scorso fine settimana, eccoci qui con la finale di un circuito che portiamo avanti, insieme ad un&#8217;azienda per noi fondamentale come Lattebusche, da oltre quarant&#8217;anni\u00bb dice&nbsp;<strong>Roberto Bortoluzzi<\/strong>, presidente del comitato regionale Fisi. \u00abSi tratta di un momento importante che viviamo con grandissima soddisfazione e con legittimo orgoglio: non sono tante le manifestazioni che possono vantare una storia lunga come la nostra. Mi piace sottolineare, in questa occasione, come alla premiazioni ci sar\u00e0 un momento dedicato a colui che ha ideato tutto questo, vale a dire Ivano Giop: grazie alla sensibilit\u00e0 della sua famiglia, prima delle premiazioni verranno sorteggiate due borse di studio, una per lo sci alpino e una per lo sci di fondo\u00bb.&nbsp;\u00abMi fa piacere anche sottolineare il collegamento, ideale ma anche reale, tra il Lattebusche e i Mondiali di Cortina 2021\u00bb dice ancora Bortoluzzi. \u00abIl coinvolgimento del Grand Prix nel cammino di avvicinamento alla rassegna iridata \u00e8 per noi motivo di soddisfazione perch\u00e9 rappresenta il riconoscimento del fondamentale ruolo che l&#8217;attivit\u00e0 di base riveste, un&#8217;attivit\u00e0 che il comitato regionale porta avanti con convinzione e impegno insieme ai comitati provinciali e ai club\u00bb.<\/p>\n\n\n\n<p><strong>#TeamCortina2021 \u2013&nbsp;<\/strong>Le premiazioni di domenica, che vedranno la presenza, tra gli altri, di&nbsp;<strong>Kristian Ghedina<\/strong>, saranno precedute proprio da un momento dedicato ai Mondiali che si svolgeranno in Ampezzo nel 2021: si tratta delle premiazioni di #TeamCortina2021, l&#8217;iniziativa che ha coinvolto i club partecipanti al Grand Prix Lattebusche. I giovani atleti, selezionati tramite sorteggio, sono diventati per un giorno ambasciatori della rassegna iridata, indossando i colori di Cortina 2021 e concorrendo a una speciale classifica che teneva conto dei punteggi, portati dagli ambasciatori sorteggiati, di tre delle cinque gare del circuito. Domenica verranno premiate le prime cinque societ\u00e0: nell&#8217;ordine Unione sportiva Asiago sci, Nottoli Vittorio Veneto, Drusci\u00e9 Cortina, Trichiana e Pelmo Ski team. \u00abI bambini e i ragazzi che frequentano gli sci club non sono solo il futuro di questo sport, ma un terreno fertile in cui seminare la passione, l&#8217;entusiasmo e i valori che contraddistinguono la vita di un atleta, valori che li accompagneranno in tutti gli ambiti della loro vita\u00bb dice&nbsp;<strong>Valerio Giacobbi<\/strong>, amministratore delegato della Fondazione Cortina 2021. \u00abCome organizzatori dei Campionati del Mondo di sci alpino vogliamo cogliere questa occasione per contribuire a far conoscere e raccontare un ambiente fatto di amicizia, sport e sano agonismo\u00bb.<\/p>\n\n\n\n<p><strong>L&#8217;impegno dello Sci club Cortina &#8211;<\/strong>&nbsp;\u00abCon grande entusiasmo ci siamo messi a disposizione del comitato regionale per questo evento che rappresenta un ulteriore avvicinamento alla rassegna iridata che ci attende tra un paio di stagioni\u00bb dice&nbsp;<strong>Igor Ghedina<\/strong>, presidente dello Sci club Cortina, sodalizio impegnato con un centinaio di persone per queste finali. \u00abIn queste ore stiamo mettendo a punto ogni dettaglio perch\u00e9 la due giorni in Ampezzo possa essere un momento nel quale i ragazzi gareggino ma, al contempo, possano vivere un&#8217;esperienza gioiosa, da ricordare\u00bb.<\/p>\n\n\n\n<div class=\"wp-block-file\"><a href=\"http:\/\/comitati.fisi.org\/veneto\/wp-content\/uploads\/sites\/39\/2019\/03\/PROGRAMMA-FINALE-LATTEBUSCHE-AGGIORNATO-6MARZO.pdf\">PROGRAMMA-FINALE-LATTEBUSCHE-AGGIORNATO-6MARZO<\/a><a href=\"http:\/\/comitati.fisi.org\/veneto\/wp-content\/uploads\/sites\/39\/2019\/03\/PROGRAMMA-FINALE-LATTEBUSCHE-AGGIORNATO-6MARZO.pdf\" class=\"wp-block-file__button\" download>Download<\/a><\/div>\n\n\n\n<p><br><\/p>\n\n\n\n<p><\/p>\n","protected":false},"excerpt":{"rendered":"<p>La stagione 2018-2019 del comitato regionale veneto della Federazione italiana sport invernali vivr\u00e0 sabato 9 e domenica 10 marzo uno dei momenti di massima intensit\u00e0, vale a dire la finale della&nbsp;41.&nbsp;edizione del&nbsp;Grand Prix Lattebusche, l&#8217;evento dello sci alpino e dello sci di fondo dedicato alle categorie Baby (Under 10) e Cuccioli (under 12). La manifestazione si svolger\u00e0 a Cortina e&hellip;<\/p>\n","protected":false},"author":4,"featured_media":5023,"comment_status":"closed","ping_status":"open","sticky":false,"template":"","format":"standard","meta":{"_acf_changed":false,"footnotes":""},"categories":[9,108,62,360,109,14],"tags":[],"acf":[],"_links":{"self":[{"href":"https:\/\/comitati.fisi.org\/veneto\/wp-json\/wp\/v2\/posts\/5039"}],"collection":[{"href":"https:\/\/comitati.fisi.org\/veneto\/wp-json\/wp\/v2\/posts"}],"about":[{"href":"https:\/\/comitati.fisi.org\/veneto\/wp-json\/wp\/v2\/types\/post"}],"author":[{"embeddable":true,"href":"https:\/\/comitati.fisi.org\/veneto\/wp-json\/wp\/v2\/users\/4"}],"replies":[{"embeddable":true,"href":"https:\/\/comitati.fisi.org\/veneto\/wp-json\/wp\/v2\/comments?post=5039"}],"version-history":[{"count":0,"href":"https:\/\/comitati.fisi.org\/veneto\/wp-json\/wp\/v2\/posts\/5039\/revisions"}],"wp:featuredmedia":[{"embeddable":true,"href":"https:\/\/comitati.fisi.org\/veneto\/wp-json\/wp\/v2\/media\/5023"}],"wp:attachment":[{"href":"https:\/\/comitati.fisi.org\/veneto\/wp-json\/wp\/v2\/media?parent=5039"}],"wp:term":[{"taxonomy":"category","embeddable":true,"href":"https:\/\/comitati.fisi.org\/veneto\/wp-json\/wp\/v2\/categories?post=5039"},{"taxonomy":"post_tag","embeddable":true,"href":"https:\/\/comitati.fisi.org\/veneto\/wp-json\/wp\/v2\/tags?post=5039"}],"curies":[{"name":"wp","href":"https:\/\/api.w.org\/{rel}","templated":true}]}}