{"id":5012,"date":"2019-03-06T08:02:34","date_gmt":"2019-03-06T08:02:34","guid":{"rendered":"http:\/\/www.fisiveneto.com\/?p=5012"},"modified":"2019-03-06T08:02:34","modified_gmt":"2019-03-06T08:02:34","slug":"campionati-italiani-ragazzi-ecco-i-convocati-di-fisi-veneto","status":"publish","type":"post","link":"https:\/\/comitati.fisi.org\/veneto\/blog\/2019\/03\/06\/campionati-italiani-ragazzi-ecco-i-convocati-di-fisi-veneto\/","title":{"rendered":"Campionati italiani Ragazzi di fondo, ecco i convocati di Fisi Veneto"},"content":{"rendered":"\n<p>Da venerd\u00ec 8 a domenica 10 Lama Mocogno, sull&#8217;Appennino Modenese, ospiter\u00e0 i campionati italiani Ragazzi. Fisi Veneto sar\u00e0 al via con 40 tra ragazzi e ragazze. In allegato l&#8217;elenco. Il programma prevede venerd\u00ec la gimkana cross skating, sabato l\u2019individuale in tecnica classica e domenica la staffetta mista. <\/p>\n\n\n\n<div class=\"wp-block-file\"><a href=\"http:\/\/comitati.fisi.org\/veneto\/wp-content\/uploads\/sites\/39\/2019\/03\/CONVOCATI.pdf\">CONVOCATI<\/a><a href=\"http:\/\/comitati.fisi.org\/veneto\/wp-content\/uploads\/sites\/39\/2019\/03\/CONVOCATI.pdf\" class=\"wp-block-file__button\" download>Download<\/a><\/div>\n","protected":false},"excerpt":{"rendered":"<p>Da venerd\u00ec 8 a domenica 10 Lama Mocogno, sull&#8217;Appennino Modenese, ospiter\u00e0 i campionati italiani Ragazzi. Fisi Veneto sar\u00e0 al via con 40 tra ragazzi e ragazze. In allegato l&#8217;elenco. Il programma prevede venerd\u00ec la gimkana cross skating, sabato l\u2019individuale in tecnica classica e domenica la staffetta mista.<\/p>\n","protected":false},"author":4,"featured_media":5014,"comment_status":"closed","ping_status":"open","sticky":false,"template":"","format":"standard","meta":{"_acf_changed":false,"footnotes":""},"categories":[1],"tags":[],"acf":[],"_links":{"self":[{"href":"https:\/\/comitati.fisi.org\/veneto\/wp-json\/wp\/v2\/posts\/5012"}],"collection":[{"href":"https:\/\/comitati.fisi.org\/veneto\/wp-json\/wp\/v2\/posts"}],"about":[{"href":"https:\/\/comitati.fisi.org\/veneto\/wp-json\/wp\/v2\/types\/post"}],"author":[{"embeddable":true,"href":"https:\/\/comitati.fisi.org\/veneto\/wp-json\/wp\/v2\/users\/4"}],"replies":[{"embeddable":true,"href":"https:\/\/comitati.fisi.org\/veneto\/wp-json\/wp\/v2\/comments?post=5012"}],"version-history":[{"count":0,"href":"https:\/\/comitati.fisi.org\/veneto\/wp-json\/wp\/v2\/posts\/5012\/revisions"}],"wp:featuredmedia":[{"embeddable":true,"href":"https:\/\/comitati.fisi.org\/veneto\/wp-json\/wp\/v2\/media\/5014"}],"wp:attachment":[{"href":"https:\/\/comitati.fisi.org\/veneto\/wp-json\/wp\/v2\/media?parent=5012"}],"wp:term":[{"taxonomy":"category","embeddable":true,"href":"https:\/\/comitati.fisi.org\/veneto\/wp-json\/wp\/v2\/categories?post=5012"},{"taxonomy":"post_tag","embeddable":true,"href":"https:\/\/comitati.fisi.org\/veneto\/wp-json\/wp\/v2\/tags?post=5012"}],"curies":[{"name":"wp","href":"https:\/\/api.w.org\/{rel}","templated":true}]}}