{"id":4827,"date":"2019-02-28T13:17:02","date_gmt":"2019-02-28T13:17:02","guid":{"rendered":"http:\/\/www.fisiveneto.com\/?p=4827"},"modified":"2019-02-28T13:17:02","modified_gmt":"2019-02-28T13:17:02","slug":"buon-7-posto-per-litalia-ai-mondiali-di-seefeld-belle-frazioni-di-comarella-e-scardoni","status":"publish","type":"post","link":"https:\/\/comitati.fisi.org\/veneto\/blog\/2019\/02\/28\/buon-7-posto-per-litalia-ai-mondiali-di-seefeld-belle-frazioni-di-comarella-e-scardoni\/","title":{"rendered":"Buon 7. posto per l&#8217;Italia ai Mondiali di Seefeld. Che lottatrici Comarella e Scardoni!"},"content":{"rendered":"\n<p>Oggi l&#8217;Italia ha conquistato un buon 7. posto nella staffetta dei Mondiali di Seefeld vinta dalla Svezia su Norvegia e Russia. Impegnate nelle prime due frazioni Anna Comarella e Lucia Scardoni (foto). La bellunese e la veronese sono stata autrici di due ottime prove nelle quali hanno combattuto alla grande. Qui la classifica. <\/p>\n\n\n\n<p>Di seguito le dichiarazioni di Anna e Lucia, raccolte dall&#8217;ufficio stampa Fisi.<\/p>\n\n\n\n<p><strong>Anna Comarella<\/strong>: &#8220;Sono molto soddisfatta della mia frazione. \u00c8 stata dura correre con questo caldo, non siamo molto abituati. Non sono brava nel piano, cos\u00ec ho cercato di recuperare in salita e di stare attaccata alle prime, anche se era complicato, ma ho dato tutto perch\u00e9 sapevo che il risultato della staffetta dipendeva anche da me. Sono molto soddisfatta del mio Mondiale: mi sento bene dal punto di vista fisico e sono contenta delle prove che ho fatto. Questa pista mi piace molto perch\u00e9 \u00e8 molto tosta e io amo le piste dure. E poi \u00e8 bellissima anche l&#8217;atmosfera, in generale e per la nostra squadra dopo le medaglie vinte da Pellegrino e De Fabiani&#8221;.<\/p>\n\n\n\n<p><strong>Lucia Scardoni<\/strong>: &#8220;Sapevo che non sarebbe stata facile nella mia frazione, Anna \u00e8 stata bravissima e ha dato il cambio in quinta posizione, io mi sono detta che dovevo provarci, magari riuscivo a tenere cinque chilometri con il loro passo, invece ho resistito il primo giro, poi al secondo sono scoppiata. Ho preferito cos\u00ec, almeno ci ho provato. Spero che la prossima volta riesco a tenere per tutti e cinque i chilometri. Avevo qualche metro rispetto a quelle davanti e rispetto a quelle dietro, a stare da sola avrei comunque sprecato un sacco di energie. Poi all&#8217;inizio non mi sembrava di far fatica, invece quando al secondo giro hanno accelerato ho sentito il cambio di ritmo. Bilancio? Della sprint sono contenta, per la team sprint c&#8217;\u00e8 un po&#8217; di rammarico per non essere andata in finale, dalla 10 chilometri mi aspettavo di pi\u00f9 ma siamo stati un po&#8217; penalizzate dai materiali. Per la staffetta sono comunque contenta, siamo state brave&#8221;.<br><\/p>\n","protected":false},"excerpt":{"rendered":"<p>Oggi l&#8217;Italia ha conquistato un buon 7. posto nella staffetta dei Mondiali di Seefeld vinta dalla Svezia su Norvegia e Russia. Impegnate nelle prime due frazioni Anna Comarella e Lucia Scardoni (foto). La bellunese e la veronese sono stata autrici di due ottime prove nelle quali hanno combattuto alla grande. Qui la classifica. Di seguito le dichiarazioni di Anna e&hellip;<\/p>\n","protected":false},"author":4,"featured_media":4756,"comment_status":"closed","ping_status":"open","sticky":false,"template":"","format":"standard","meta":{"_acf_changed":false,"footnotes":""},"categories":[1],"tags":[],"acf":[],"_links":{"self":[{"href":"https:\/\/comitati.fisi.org\/veneto\/wp-json\/wp\/v2\/posts\/4827"}],"collection":[{"href":"https:\/\/comitati.fisi.org\/veneto\/wp-json\/wp\/v2\/posts"}],"about":[{"href":"https:\/\/comitati.fisi.org\/veneto\/wp-json\/wp\/v2\/types\/post"}],"author":[{"embeddable":true,"href":"https:\/\/comitati.fisi.org\/veneto\/wp-json\/wp\/v2\/users\/4"}],"replies":[{"embeddable":true,"href":"https:\/\/comitati.fisi.org\/veneto\/wp-json\/wp\/v2\/comments?post=4827"}],"version-history":[{"count":0,"href":"https:\/\/comitati.fisi.org\/veneto\/wp-json\/wp\/v2\/posts\/4827\/revisions"}],"wp:featuredmedia":[{"embeddable":true,"href":"https:\/\/comitati.fisi.org\/veneto\/wp-json\/wp\/v2\/media\/4756"}],"wp:attachment":[{"href":"https:\/\/comitati.fisi.org\/veneto\/wp-json\/wp\/v2\/media?parent=4827"}],"wp:term":[{"taxonomy":"category","embeddable":true,"href":"https:\/\/comitati.fisi.org\/veneto\/wp-json\/wp\/v2\/categories?post=4827"},{"taxonomy":"post_tag","embeddable":true,"href":"https:\/\/comitati.fisi.org\/veneto\/wp-json\/wp\/v2\/tags?post=4827"}],"curies":[{"name":"wp","href":"https:\/\/api.w.org\/{rel}","templated":true}]}}