{"id":4819,"date":"2019-02-28T11:05:20","date_gmt":"2019-02-28T11:05:20","guid":{"rendered":"http:\/\/www.fisiveneto.com\/?p=4819"},"modified":"2019-02-28T11:05:20","modified_gmt":"2019-02-28T11:05:20","slug":"finali-gp-e-ma-pri-ce-in-superg","status":"publish","type":"post","link":"https:\/\/comitati.fisi.org\/veneto\/blog\/2019\/02\/28\/finali-gp-e-ma-pri-ce-in-superg\/","title":{"rendered":"Finali Gp E.Ma.Pri.Ce. in superG vincono Stona e De Pieri"},"content":{"rendered":"\n<p>Oggi alla Ski Area San Pellegrino le finali regionali del Grand Prix E.Ma.Pri.Ce. hanno visto la disputa del superG della categoria Ragazzi. In ambito femminile successo della vicentina Lisa Stona, dello Sci club Gallio, che centra la seconda vittoria consecutiva dopo il successo di ieri in slalom ad Alleghe. Sul secondo e terzo gradino del podio Arianna De Martin Topranin (Sc Auronzo) e Camilla Stiletto (Sc Trichiana). Tra i maschi, a salire sul gradino pi\u00f9 alto del podio \u00e8 stato Vittorio De Pieri, del Drusci\u00e8. In seconda e terza posizione rispettivamente Edoardo Baldo (Sc Cortina) e Lorenzo Pittarello (Sc Arabba). <\/p>\n\n\n\n<p>In allegato il dettaglio. <\/p>\n\n\n\n<div class=\"wp-block-file\"><a href=\"http:\/\/comitati.fisi.org\/veneto\/wp-content\/uploads\/sites\/39\/2019\/02\/Classifica-ufficiale-supergigante-ragazzi-28.02.2019.pdf\">Classifica-ufficiale-supergigante-ragazzi-28.02.2019<\/a><a href=\"http:\/\/comitati.fisi.org\/veneto\/wp-content\/uploads\/sites\/39\/2019\/02\/Classifica-ufficiale-supergigante-ragazzi-28.02.2019.pdf\" class=\"wp-block-file__button\" download>Download<\/a><\/div>\n\n\n\n<ul class=\"wp-block-gallery columns-2 is-cropped wp-block-gallery-1 is-layout-flex wp-block-gallery-is-layout-flex\"><li class=\"blocks-gallery-item\"><figure><img loading=\"lazy\" decoding=\"async\" width=\"1024\" height=\"577\" src=\"http:\/\/www.fisiveneto.com\/wp-content\/uploads\/2019\/02\/PODIO-SUPERG-28.02.2019-RAGAZZE-1024x577.jpg\" alt=\"\" data-id=\"4823\" data-link=\"http:\/\/www.fisiveneto.com\/2019\/02\/28\/finali-gp-e-ma-pri-ce-in-superg\/sdr\/\" class=\"wp-image-4823\" srcset=\"https:\/\/comitati.fisi.org\/veneto\/wp-content\/uploads\/sites\/39\/2019\/02\/PODIO-SUPERG-28.02.2019-RAGAZZE-1024x577.jpg 1024w, https:\/\/comitati.fisi.org\/veneto\/wp-content\/uploads\/sites\/39\/2019\/02\/PODIO-SUPERG-28.02.2019-RAGAZZE-300x169.jpg 300w, https:\/\/comitati.fisi.org\/veneto\/wp-content\/uploads\/sites\/39\/2019\/02\/PODIO-SUPERG-28.02.2019-RAGAZZE-768x433.jpg 768w, https:\/\/comitati.fisi.org\/veneto\/wp-content\/uploads\/sites\/39\/2019\/02\/PODIO-SUPERG-28.02.2019-RAGAZZE-1536x866.jpg 1536w, https:\/\/comitati.fisi.org\/veneto\/wp-content\/uploads\/sites\/39\/2019\/02\/PODIO-SUPERG-28.02.2019-RAGAZZE-2048x1155.jpg 2048w\" sizes=\"(max-width: 1024px) 100vw, 1024px\" \/><figcaption>sdr<\/figcaption><\/figure><\/li><li class=\"blocks-gallery-item\"><figure><img loading=\"lazy\" decoding=\"async\" width=\"1024\" height=\"577\" src=\"http:\/\/www.fisiveneto.com\/wp-content\/uploads\/2019\/02\/PODIO-SUPERG-28.02.2019-RAGAZZI-1024x577.jpg\" alt=\"\" data-id=\"4824\" data-link=\"http:\/\/www.fisiveneto.com\/2019\/02\/28\/finali-gp-e-ma-pri-ce-in-superg\/sdr-2\/\" class=\"wp-image-4824\" srcset=\"https:\/\/comitati.fisi.org\/veneto\/wp-content\/uploads\/sites\/39\/2019\/02\/PODIO-SUPERG-28.02.2019-RAGAZZI-1024x577.jpg 1024w, https:\/\/comitati.fisi.org\/veneto\/wp-content\/uploads\/sites\/39\/2019\/02\/PODIO-SUPERG-28.02.2019-RAGAZZI-300x169.jpg 300w, https:\/\/comitati.fisi.org\/veneto\/wp-content\/uploads\/sites\/39\/2019\/02\/PODIO-SUPERG-28.02.2019-RAGAZZI-768x433.jpg 768w, https:\/\/comitati.fisi.org\/veneto\/wp-content\/uploads\/sites\/39\/2019\/02\/PODIO-SUPERG-28.02.2019-RAGAZZI-1536x866.jpg 1536w, https:\/\/comitati.fisi.org\/veneto\/wp-content\/uploads\/sites\/39\/2019\/02\/PODIO-SUPERG-28.02.2019-RAGAZZI-2048x1155.jpg 2048w\" sizes=\"(max-width: 1024px) 100vw, 1024px\" \/><figcaption>sdr<\/figcaption><\/figure><\/li><\/ul>\n","protected":false},"excerpt":{"rendered":"<p>Oggi alla Ski Area San Pellegrino le finali regionali del Grand Prix E.Ma.Pri.Ce. hanno visto la disputa del superG della categoria Ragazzi. In ambito femminile successo della vicentina Lisa Stona, dello Sci club Gallio, che centra la seconda vittoria consecutiva dopo il successo di ieri in slalom ad Alleghe. Sul secondo e terzo gradino del podio Arianna De Martin Topranin&hellip;<\/p>\n","protected":false},"author":4,"featured_media":4596,"comment_status":"closed","ping_status":"open","sticky":false,"template":"","format":"standard","meta":{"_acf_changed":false,"footnotes":""},"categories":[1],"tags":[],"acf":[],"_links":{"self":[{"href":"https:\/\/comitati.fisi.org\/veneto\/wp-json\/wp\/v2\/posts\/4819"}],"collection":[{"href":"https:\/\/comitati.fisi.org\/veneto\/wp-json\/wp\/v2\/posts"}],"about":[{"href":"https:\/\/comitati.fisi.org\/veneto\/wp-json\/wp\/v2\/types\/post"}],"author":[{"embeddable":true,"href":"https:\/\/comitati.fisi.org\/veneto\/wp-json\/wp\/v2\/users\/4"}],"replies":[{"embeddable":true,"href":"https:\/\/comitati.fisi.org\/veneto\/wp-json\/wp\/v2\/comments?post=4819"}],"version-history":[{"count":0,"href":"https:\/\/comitati.fisi.org\/veneto\/wp-json\/wp\/v2\/posts\/4819\/revisions"}],"wp:featuredmedia":[{"embeddable":true,"href":"https:\/\/comitati.fisi.org\/veneto\/wp-json\/wp\/v2\/media\/4596"}],"wp:attachment":[{"href":"https:\/\/comitati.fisi.org\/veneto\/wp-json\/wp\/v2\/media?parent=4819"}],"wp:term":[{"taxonomy":"category","embeddable":true,"href":"https:\/\/comitati.fisi.org\/veneto\/wp-json\/wp\/v2\/categories?post=4819"},{"taxonomy":"post_tag","embeddable":true,"href":"https:\/\/comitati.fisi.org\/veneto\/wp-json\/wp\/v2\/tags?post=4819"}],"curies":[{"name":"wp","href":"https:\/\/api.w.org\/{rel}","templated":true}]}}