{"id":4812,"date":"2019-02-27T15:41:21","date_gmt":"2019-02-27T15:41:21","guid":{"rendered":"http:\/\/www.fisiveneto.com\/?p=4812"},"modified":"2019-02-27T15:41:21","modified_gmt":"2019-02-27T15:41:21","slug":"mondiali-di-seefeld-domani-la-staffetta-con-comarella-e-scardoni","status":"publish","type":"post","link":"https:\/\/comitati.fisi.org\/veneto\/blog\/2019\/02\/27\/mondiali-di-seefeld-domani-la-staffetta-con-comarella-e-scardoni\/","title":{"rendered":"Mondiali di Seefeld, domani la staffetta con Comarella e Scardoni"},"content":{"rendered":"\n<p>Saranno Elisa Brocard, Anna Comarella, Ilaria Debertolis e Lucia Scardoni (foto) le quattro azzurre impegnate nella staffetta 4&#215;5 ai Mondiali di sci di fondo in corso a Seefeld, in Austria. La gara \u00e8 in programma gioved\u00ec 28 febbraio alle 13 (diretta Raisport ed Eurosport) e sar\u00e0 la penultima per le donne prima della mass start di 30 chilometri in tecnica libera di sabato. Finora, a livello femminile, il miglior risultato per le azzurre \u00e8 stato il decimo posto di Elisa Brocard nella sprint. L&#8217;esordiente Comarella ha ben figurato nello skiathlon, chiudendo 17esima, Ilaria Debertolis torna in pista dopo la caduta nelle qualificazioni della sprint che ne hanno compromesso l&#8217;accesso tra le prime trenta, infine Lucia Scardoni sar\u00e0 ancora protagonista di una gara a squadre dopo l&#8217;undicesima piazza nella team sprint in coppia con Greta Laurent. <\/p>\n","protected":false},"excerpt":{"rendered":"<p>Saranno Elisa Brocard, Anna Comarella, Ilaria Debertolis e Lucia Scardoni (foto) le quattro azzurre impegnate nella staffetta 4&#215;5 ai Mondiali di sci di fondo in corso a Seefeld, in Austria. La gara \u00e8 in programma gioved\u00ec 28 febbraio alle 13 (diretta Raisport ed Eurosport) e sar\u00e0 la penultima per le donne prima della mass start di 30 chilometri in tecnica&hellip;<\/p>\n","protected":false},"author":4,"featured_media":4427,"comment_status":"closed","ping_status":"open","sticky":false,"template":"","format":"standard","meta":{"_acf_changed":false,"footnotes":""},"categories":[9,422,14,15,16],"tags":[28,412,716],"acf":[],"_links":{"self":[{"href":"https:\/\/comitati.fisi.org\/veneto\/wp-json\/wp\/v2\/posts\/4812"}],"collection":[{"href":"https:\/\/comitati.fisi.org\/veneto\/wp-json\/wp\/v2\/posts"}],"about":[{"href":"https:\/\/comitati.fisi.org\/veneto\/wp-json\/wp\/v2\/types\/post"}],"author":[{"embeddable":true,"href":"https:\/\/comitati.fisi.org\/veneto\/wp-json\/wp\/v2\/users\/4"}],"replies":[{"embeddable":true,"href":"https:\/\/comitati.fisi.org\/veneto\/wp-json\/wp\/v2\/comments?post=4812"}],"version-history":[{"count":0,"href":"https:\/\/comitati.fisi.org\/veneto\/wp-json\/wp\/v2\/posts\/4812\/revisions"}],"wp:featuredmedia":[{"embeddable":true,"href":"https:\/\/comitati.fisi.org\/veneto\/wp-json\/wp\/v2\/media\/4427"}],"wp:attachment":[{"href":"https:\/\/comitati.fisi.org\/veneto\/wp-json\/wp\/v2\/media?parent=4812"}],"wp:term":[{"taxonomy":"category","embeddable":true,"href":"https:\/\/comitati.fisi.org\/veneto\/wp-json\/wp\/v2\/categories?post=4812"},{"taxonomy":"post_tag","embeddable":true,"href":"https:\/\/comitati.fisi.org\/veneto\/wp-json\/wp\/v2\/tags?post=4812"}],"curies":[{"name":"wp","href":"https:\/\/api.w.org\/{rel}","templated":true}]}}