{"id":4778,"date":"2019-02-26T15:40:45","date_gmt":"2019-02-26T15:40:45","guid":{"rendered":"http:\/\/www.fisiveneto.com\/?p=4778"},"modified":"2019-02-26T15:40:45","modified_gmt":"2019-02-26T15:40:45","slug":"mondiali-di-seefeld-nella-10-km-in-classico-anna-comarella-e-28-ma-la-migliore-delle-azzurre","status":"publish","type":"post","link":"https:\/\/comitati.fisi.org\/veneto\/blog\/2019\/02\/26\/mondiali-di-seefeld-nella-10-km-in-classico-anna-comarella-e-28-ma-la-migliore-delle-azzurre\/","title":{"rendered":"Mondiali di Seefeld, nella 10 km in classico Anna Comarella \u00e8 28.ma, la migliore delle azzurre"},"content":{"rendered":"\n<p>28.mo posto oggi per Anna Comarella nella 10 kmin classico dei Mondiali di Seefelf. La cortinese delle Fiamme Oro, alla sua prima esperienza iridata, si \u00e8 difesa molto bene in una giornata resa difficile dal grande caldo. 34.mo posto per la veronese Lucia Scardoni. La vittoria \u00e8 andata alla norvegese  <br>Therese Johaug\u00a0, gi\u00e0 vincitrice dello skiathlon.  <br>\u00ab\u00c8 stata una gara veramente tosta, una delle pi\u00f9 dure che abbia mai fatto. Abbiamo corso alle tre del pomeriggio e c&#8217;era un caldo anomalo e per una gara di fondo \u00e8 davvero tosta\u00bb dice Anna.  <br>\u00abHo cercato di dare il massimo e sono abbastanza soddisfatta della mia gara. Speravo un po&#8217; meglio, ma c&#8217;\u00e8 molto da lavorare e per il momento va bene cos\u00ec. La seconda parte della gara \u00e8 stata molto dura: diciamo che sono stata fortunata nel partire con un pettorale basso, ma dopo la neve si \u00e8 riscaldata ed era pi\u00f9 lenta, nel secondo giro ho sentito la differenza. In ogni caso \u00e8 un periodo in cui sto bene, per come sto posso essere soddisfatta, ma c&#8217;\u00e8 da migliorare\u00bb.  <br>\u00abOggi non sono per niente contenta, ho faticato parecchio\u00bb afferma Lucia.   <br>\u00abNon so, sto accusando la stanchezza per la sprint e la team sprint, avendo gareggiato un giorno s\u00ec e uno no da quando sono cominciati i Mondiali. Forse \u00e8 quello, forse un po&#8217; anche il caldo, ma oggi ho fatto molta fatica. E pi\u00f9 o meno \u00e8 andata come a Lahti due anni fa\u00bb . <\/p>\n\n\n\n<p><a href=\"https:\/\/www.fis-ski.com\/DB\/general\/event-details.html?sectorcode=CC&amp;eventid=43301&amp;seasoncode=2019\">Qui<\/a> il dettaglio. <\/p>\n","protected":false},"excerpt":{"rendered":"<p>28.mo posto oggi per Anna Comarella nella 10 kmin classico dei Mondiali di Seefelf. La cortinese delle Fiamme Oro, alla sua prima esperienza iridata, si \u00e8 difesa molto bene in una giornata resa difficile dal grande caldo. 34.mo posto per la veronese Lucia Scardoni. La vittoria \u00e8 andata alla norvegese Therese Johaug\u00a0, gi\u00e0 vincitrice dello skiathlon. \u00ab\u00c8 stata una gara&hellip;<\/p>\n","protected":false},"author":4,"featured_media":4514,"comment_status":"closed","ping_status":"open","sticky":false,"template":"","format":"standard","meta":{"_acf_changed":false,"footnotes":""},"categories":[1],"tags":[],"acf":[],"_links":{"self":[{"href":"https:\/\/comitati.fisi.org\/veneto\/wp-json\/wp\/v2\/posts\/4778"}],"collection":[{"href":"https:\/\/comitati.fisi.org\/veneto\/wp-json\/wp\/v2\/posts"}],"about":[{"href":"https:\/\/comitati.fisi.org\/veneto\/wp-json\/wp\/v2\/types\/post"}],"author":[{"embeddable":true,"href":"https:\/\/comitati.fisi.org\/veneto\/wp-json\/wp\/v2\/users\/4"}],"replies":[{"embeddable":true,"href":"https:\/\/comitati.fisi.org\/veneto\/wp-json\/wp\/v2\/comments?post=4778"}],"version-history":[{"count":0,"href":"https:\/\/comitati.fisi.org\/veneto\/wp-json\/wp\/v2\/posts\/4778\/revisions"}],"wp:featuredmedia":[{"embeddable":true,"href":"https:\/\/comitati.fisi.org\/veneto\/wp-json\/wp\/v2\/media\/4514"}],"wp:attachment":[{"href":"https:\/\/comitati.fisi.org\/veneto\/wp-json\/wp\/v2\/media?parent=4778"}],"wp:term":[{"taxonomy":"category","embeddable":true,"href":"https:\/\/comitati.fisi.org\/veneto\/wp-json\/wp\/v2\/categories?post=4778"},{"taxonomy":"post_tag","embeddable":true,"href":"https:\/\/comitati.fisi.org\/veneto\/wp-json\/wp\/v2\/tags?post=4778"}],"curies":[{"name":"wp","href":"https:\/\/api.w.org\/{rel}","templated":true}]}}