{"id":4753,"date":"2019-02-25T16:01:19","date_gmt":"2019-02-25T16:01:19","guid":{"rendered":"http:\/\/www.fisiveneto.com\/?p=4753"},"modified":"2019-02-25T16:01:19","modified_gmt":"2019-02-25T16:01:19","slug":"mondiali-di-seefeld-domani-la-10-km-in-classico-con-scardoni-e-comarella","status":"publish","type":"post","link":"https:\/\/comitati.fisi.org\/veneto\/blog\/2019\/02\/25\/mondiali-di-seefeld-domani-la-10-km-in-classico-con-scardoni-e-comarella\/","title":{"rendered":"Mondiali di Seefeld, domani la 10 km in classico, con Scardoni e Comarella"},"content":{"rendered":"\n<p>\n\nGiornata di riposo ai Mondiali di sci di fondo a Seefeld, le squadre preparano le gare dei prossimi giorni. Si riparte marted\u00ec 26 febbraio con la disputa della 10 km a tecnica classica (ore 14, diretta tv Raisport ed Eurosport), alla quale sono iscritte tre italiane: Lucia Scardoni, Anna Comarella e Caterina Ganz. Mercoled\u00ec 27 febbraio sar\u00e0 invece il turno della 15 km TC maschile con Maicol Rastelli, Francesco De Fabiani e Stefan Zelger. Gioved\u00ec 28 febbraio sar\u00e0 il turno della staffetta femminile alle ore 13.00, mentre venerd\u00ec 1 marzo scender\u00e0 in pist il quartetto della staffetta maschile alle ore 13.15. Il gran finale prevede sabato 2 marzo la 30 km TL femminile alle ore 12.15 e la 50 km TL maschile domencia 3 marzo alle ore 13.00.\n\n<\/p>\n","protected":false},"excerpt":{"rendered":"<p>Giornata di riposo ai Mondiali di sci di fondo a Seefeld, le squadre preparano le gare dei prossimi giorni. Si riparte marted\u00ec 26 febbraio con la disputa della 10 km a tecnica classica (ore 14, diretta tv Raisport ed Eurosport), alla quale sono iscritte tre italiane: Lucia Scardoni, Anna Comarella e Caterina Ganz. Mercoled\u00ec 27 febbraio sar\u00e0 invece il turno&hellip;<\/p>\n","protected":false},"author":4,"featured_media":4756,"comment_status":"closed","ping_status":"open","sticky":false,"template":"","format":"standard","meta":{"_acf_changed":false,"footnotes":""},"categories":[1],"tags":[],"acf":[],"_links":{"self":[{"href":"https:\/\/comitati.fisi.org\/veneto\/wp-json\/wp\/v2\/posts\/4753"}],"collection":[{"href":"https:\/\/comitati.fisi.org\/veneto\/wp-json\/wp\/v2\/posts"}],"about":[{"href":"https:\/\/comitati.fisi.org\/veneto\/wp-json\/wp\/v2\/types\/post"}],"author":[{"embeddable":true,"href":"https:\/\/comitati.fisi.org\/veneto\/wp-json\/wp\/v2\/users\/4"}],"replies":[{"embeddable":true,"href":"https:\/\/comitati.fisi.org\/veneto\/wp-json\/wp\/v2\/comments?post=4753"}],"version-history":[{"count":0,"href":"https:\/\/comitati.fisi.org\/veneto\/wp-json\/wp\/v2\/posts\/4753\/revisions"}],"wp:featuredmedia":[{"embeddable":true,"href":"https:\/\/comitati.fisi.org\/veneto\/wp-json\/wp\/v2\/media\/4756"}],"wp:attachment":[{"href":"https:\/\/comitati.fisi.org\/veneto\/wp-json\/wp\/v2\/media?parent=4753"}],"wp:term":[{"taxonomy":"category","embeddable":true,"href":"https:\/\/comitati.fisi.org\/veneto\/wp-json\/wp\/v2\/categories?post=4753"},{"taxonomy":"post_tag","embeddable":true,"href":"https:\/\/comitati.fisi.org\/veneto\/wp-json\/wp\/v2\/tags?post=4753"}],"curies":[{"name":"wp","href":"https:\/\/api.w.org\/{rel}","templated":true}]}}