{"id":4687,"date":"2019-02-24T15:48:34","date_gmt":"2019-02-24T15:48:34","guid":{"rendered":"http:\/\/www.fisiveneto.com\/?p=4687"},"modified":"2019-02-24T15:48:34","modified_gmt":"2019-02-24T15:48:34","slug":"mondiali-juniores-superg-sfortunato-per-sofia-pizzato","status":"publish","type":"post","link":"https:\/\/comitati.fisi.org\/veneto\/blog\/2019\/02\/24\/mondiali-juniores-superg-sfortunato-per-sofia-pizzato\/","title":{"rendered":"Mondiali Juniores, SuperG sfortunato per Sofia Pizzato"},"content":{"rendered":"\n<p>La prima vittoria della Norvegia ai Campionati Mondiali Juniores della Val di Fassa prende forma nel superG femminile grazie alla quasi ventenne Hannah Saethereng. Con una gara ordinata e pulita, completata con il tempo di 1&#8217;14&#8243;54, la norvegese ha saputo precedere di 14 centesimi l\u2019austriaca Julia Scheib, gi\u00e0 iridata in gigante dodici mesi fa a Davos ed in predicato di essere la grande favorita della prova odierna, non fosse stato per un errore sul muro finale de La Volata di Passo San Pellegrino che l\u2019ha costretta ad accontentarsi della medaglia d\u2019argento. Sul terzo gradino del podio si \u00e8 quindi accomodata la svizzera Lindy Etzensperger, che poche settimane dopo il primo acuto in carriera in Coppa Europa (in gigante a Tignes in chiusura di gennaio) ha saputo conquistare un prezioso terzo posto, a venti centesimi dalla Sathereng.<br>Giornata decisamente negativa per il team italiano, che si deve accontentare del 28\u00b0 tempo di Giulia Albano ed il 37\u00b0 di Carlotta Saracco. Out Sofia Pizzato e la figlia d\u2019arte Teresa Runggaldier, incappate nel medesimo errore di traiettoria all\u2019ingresso del muro finale.<br>Dopo la cancellazione per colpa del vento della gara di venerd\u00ec, l&#8217;odierno superG era valevole anche come prima manche della combinata, con slalom nel pomeriggio sulla pista Aloch di Pozza di Fassa. Hanno giocato un ruolo significativo anche i cambi di visibilit\u00e0 per via di una velatura del cielo andata intensificandosi durante la gara, rendendo ancora pi\u00f9 impegnativa la sfida delle ragazze chiamate a fronteggiare la pista La Volata, tecnicamente di alto profilo e con un fondo piuttosto compatto.<br>Ancora Svizzera ai piedi del podio, con Noemie Kolly (+0\u201d23), seguita dalla statunitense Keely Cashman (+0\u201d38), dalla francese Madeleine Chirat (+0\u201d47), dall\u2019altra austriaca Nadine Fest (+0\u201d64) e dalla tedesca Katrin Hirtl Stanggassinger, che la segue in graduatoria con 0\u201d89 di ritardo. Completano la top ten di giornata altre due junior elvetiche, le quotate Stephanie Jenal (+0\u201d93) e Nicole Good (+1\u201d00).&nbsp;Tra le attese protagoniste, non hanno completato la prova la statunitense AJ Hurt e la svizzera Juliana Suter.<br>Fra le note di colore da segnalare una qualificata presenza di apripista, come dai campioni paralimpici (2 ori, 1 argento e 1 bronzo ai giochi coreani, oltre a 3 medaglie mondiali) Giacomo Bertagnolli e Fabrizio Casal, quindi gli azzurri Matteo De Vettori e Monica Zanoner, oltre alle giovani promesse del Comitato Trentino Fisi, che ogni giorno hanno l\u2019onore di pulire il tracciato per gli atleti che poi si giocano le medaglie mondiali.<\/p>\n\n\n\n<h2 class=\"wp-block-heading\">Le voci dei protagonisti&nbsp;<\/h2>\n\n\n\n<p><strong>Hannah Saethereng (Norvegia, campionessa mondiale di superG<\/strong><br>\u00abPer me si tratta di una vittoria sorprendente: ho fatto una buona prova, ma non avrei mai creduto di poter avvicinare il podio e soprattutto di vincere questa gara. La pista oggi era impegnativa, \u00e8 stata una bella sfida, ho cercato di fare del mio meglio e di limitare al minimo gli errori ed essere il pi\u00f9 precisa possibile\u00bb.<\/p>\n\n\n\n<p><strong>Julia Scheib (Austria, medaglia d\u2019argento)<\/strong><br>\u00abPosso essere soddisfatta dell\u2019argento ma nemmeno negare di aver gettato al vento l\u2019occasione di vincere con quel grave errore sul muro. Senza di quello sarei stata sicuramente davanti, per come si sono messe le cose. Non parteciper\u00f2 alla combinata, ma sar\u00f2 al via della discesa di mercoled\u00ec\u00bb.&nbsp;<\/p>\n\n\n\n<p><strong>Lindy Etzensperger (Svizzera, medaglia di bronzo)<\/strong><br>\u00abIn cuor mio sapevo di avere le possibilit\u00e0 di avvicinare il podio e per farlo avrei dovuto sciare al mio meglio. Nella prima parte di gara mi sono mossa bene, infilando poi un paio di errori nel tratto centrale. Nonostante questo sono riuscita a conquistare una medaglia e non posso che dirmi molto soddisfatta\u00bb.<\/p>\n\n\n\n<p><a href=\"https:\/\/www.fis-ski.com\/DB\/general\/event-details.html?sectorcode=AL&amp;eventid=42987&amp;seasoncode=2019\">Qui<\/a> le classifiche.<\/p>\n","protected":false},"excerpt":{"rendered":"<p>La prima vittoria della Norvegia ai Campionati Mondiali Juniores della Val di Fassa prende forma nel superG femminile grazie alla quasi ventenne Hannah Saethereng. Con una gara ordinata e pulita, completata con il tempo di 1&#8217;14&#8243;54, la norvegese ha saputo precedere di 14 centesimi l\u2019austriaca Julia Scheib, gi\u00e0 iridata in gigante dodici mesi fa a Davos ed in predicato di&hellip;<\/p>\n","protected":false},"author":4,"featured_media":4422,"comment_status":"closed","ping_status":"open","sticky":false,"template":"","format":"standard","meta":{"_acf_changed":false,"footnotes":""},"categories":[1],"tags":[],"acf":[],"_links":{"self":[{"href":"https:\/\/comitati.fisi.org\/veneto\/wp-json\/wp\/v2\/posts\/4687"}],"collection":[{"href":"https:\/\/comitati.fisi.org\/veneto\/wp-json\/wp\/v2\/posts"}],"about":[{"href":"https:\/\/comitati.fisi.org\/veneto\/wp-json\/wp\/v2\/types\/post"}],"author":[{"embeddable":true,"href":"https:\/\/comitati.fisi.org\/veneto\/wp-json\/wp\/v2\/users\/4"}],"replies":[{"embeddable":true,"href":"https:\/\/comitati.fisi.org\/veneto\/wp-json\/wp\/v2\/comments?post=4687"}],"version-history":[{"count":0,"href":"https:\/\/comitati.fisi.org\/veneto\/wp-json\/wp\/v2\/posts\/4687\/revisions"}],"wp:featuredmedia":[{"embeddable":true,"href":"https:\/\/comitati.fisi.org\/veneto\/wp-json\/wp\/v2\/media\/4422"}],"wp:attachment":[{"href":"https:\/\/comitati.fisi.org\/veneto\/wp-json\/wp\/v2\/media?parent=4687"}],"wp:term":[{"taxonomy":"category","embeddable":true,"href":"https:\/\/comitati.fisi.org\/veneto\/wp-json\/wp\/v2\/categories?post=4687"},{"taxonomy":"post_tag","embeddable":true,"href":"https:\/\/comitati.fisi.org\/veneto\/wp-json\/wp\/v2\/tags?post=4687"}],"curies":[{"name":"wp","href":"https:\/\/api.w.org\/{rel}","templated":true}]}}