{"id":4650,"date":"2019-02-24T13:39:01","date_gmt":"2019-02-24T13:39:01","guid":{"rendered":"http:\/\/www.fisiveneto.com\/?p=4650"},"modified":"2019-02-24T13:39:01","modified_gmt":"2019-02-24T13:39:01","slug":"slalom-e-ma-pri-ce-a-san-vito-druscie-precede-cortina","status":"publish","type":"post","link":"https:\/\/comitati.fisi.org\/veneto\/blog\/2019\/02\/24\/slalom-e-ma-pri-ce-a-san-vito-druscie-precede-cortina\/","title":{"rendered":"Slalom E.Ma.Pri.Ce. a San Vito, Drusci\u00e8 precede Cortina"},"content":{"rendered":"\n<p>Drusci\u00e8 davanti a Sci club Cortina nello slalom del Grand Prix E.Ma.Pri.Ce. della Belluno Alta, andato in scena oggi a San Vito per l&#8217;organizzazione dello Sci club Dolomiti Cadore. Il sodalizio del presidente Flavio Alberti ha totalizzato 812 punti contro i 777 del Cortina. A completare il podio lo Sci club 18, con 377 punti. A seguire, nell&#8217;ordine, Ski team Sorapiss (285), Dolomiti Cadore (165), Auronzo (89), Domegge (64) e Valpadola 33. A livello individuale, doppietta dello Sci club 18 tra le Allieve, con le sorelle Giulia Maria e Francesca Trentin, e del Drusci\u00e8 tra gli Allievi, con Stefano Pizzato e Alessandro Ferrari. Doppietta Drusci\u00e8 anche nella categoria Ragazzi, con Vittorio De Pieri e Alessandro Guerresco, mentre tra le Ragazze sul gradino pi\u00f9 alto del podio \u00e8 salita Emma Parisotto, dello Sci club Cortina. <em>Nella gallery di Foto Zoom Cortina, i podi.<\/em><\/p>\n\n\n\n<p>In allegato le graduatorie. <\/p>\n\n\n\n<div class=\"wp-block-file\"><a href=\"http:\/\/comitati.fisi.org\/veneto\/wp-content\/uploads\/sites\/39\/2019\/02\/Classifica-ufficiale_ALLIEVI.pdf\">Classifica-ufficiale_ALLIEVI<\/a><a href=\"http:\/\/comitati.fisi.org\/veneto\/wp-content\/uploads\/sites\/39\/2019\/02\/Classifica-ufficiale_ALLIEVI.pdf\" class=\"wp-block-file__button\" download>Download<\/a><\/div>\n\n\n\n<div class=\"wp-block-file\"><a href=\"http:\/\/comitati.fisi.org\/veneto\/wp-content\/uploads\/sites\/39\/2019\/02\/Classifica-ufficiale_RAGAZZI.pdf\">Classifica-ufficiale_RAGAZZI<\/a><a href=\"http:\/\/comitati.fisi.org\/veneto\/wp-content\/uploads\/sites\/39\/2019\/02\/Classifica-ufficiale_RAGAZZI.pdf\" class=\"wp-block-file__button\" download>Download<\/a><\/div>\n\n\n\n<ul class=\"wp-block-gallery columns-3 is-cropped wp-block-gallery-1 is-layout-flex wp-block-gallery-is-layout-flex\"><li class=\"blocks-gallery-item\"><figure><img loading=\"lazy\" decoding=\"async\" width=\"681\" height=\"1024\" src=\"http:\/\/www.fisiveneto.com\/wp-content\/uploads\/2019\/02\/PODIO-ALLIEVE-681x1024.jpg\" alt=\"\" data-id=\"4656\" data-link=\"http:\/\/www.fisiveneto.com\/2019\/02\/24\/slalom-e-ma-pri-ce-a-san-vito-druscie-precede-cortina\/podio-allieve\/\" class=\"wp-image-4656\" srcset=\"https:\/\/comitati.fisi.org\/veneto\/wp-content\/uploads\/sites\/39\/2019\/02\/PODIO-ALLIEVE-681x1024.jpg 681w, https:\/\/comitati.fisi.org\/veneto\/wp-content\/uploads\/sites\/39\/2019\/02\/PODIO-ALLIEVE-200x300.jpg 200w, https:\/\/comitati.fisi.org\/veneto\/wp-content\/uploads\/sites\/39\/2019\/02\/PODIO-ALLIEVE-768x1154.jpg 768w, https:\/\/comitati.fisi.org\/veneto\/wp-content\/uploads\/sites\/39\/2019\/02\/PODIO-ALLIEVE-1022x1536.jpg 1022w, https:\/\/comitati.fisi.org\/veneto\/wp-content\/uploads\/sites\/39\/2019\/02\/PODIO-ALLIEVE-1363x2048.jpg 1363w, https:\/\/comitati.fisi.org\/veneto\/wp-content\/uploads\/sites\/39\/2019\/02\/PODIO-ALLIEVE-scaled.jpg 1703w\" sizes=\"(max-width: 681px) 100vw, 681px\" \/><\/figure><\/li><li class=\"blocks-gallery-item\"><figure><img loading=\"lazy\" decoding=\"async\" width=\"681\" height=\"1024\" src=\"http:\/\/www.fisiveneto.com\/wp-content\/uploads\/2019\/02\/PODIO-ALLIEVI-681x1024.jpg\" alt=\"\" data-id=\"4657\" data-link=\"http:\/\/www.fisiveneto.com\/2019\/02\/24\/slalom-e-ma-pri-ce-a-san-vito-druscie-precede-cortina\/podio-allievi\/\" class=\"wp-image-4657\" srcset=\"https:\/\/comitati.fisi.org\/veneto\/wp-content\/uploads\/sites\/39\/2019\/02\/PODIO-ALLIEVI-681x1024.jpg 681w, https:\/\/comitati.fisi.org\/veneto\/wp-content\/uploads\/sites\/39\/2019\/02\/PODIO-ALLIEVI-200x300.jpg 200w, https:\/\/comitati.fisi.org\/veneto\/wp-content\/uploads\/sites\/39\/2019\/02\/PODIO-ALLIEVI-768x1154.jpg 768w, https:\/\/comitati.fisi.org\/veneto\/wp-content\/uploads\/sites\/39\/2019\/02\/PODIO-ALLIEVI-1022x1536.jpg 1022w, https:\/\/comitati.fisi.org\/veneto\/wp-content\/uploads\/sites\/39\/2019\/02\/PODIO-ALLIEVI-1363x2048.jpg 1363w, https:\/\/comitati.fisi.org\/veneto\/wp-content\/uploads\/sites\/39\/2019\/02\/PODIO-ALLIEVI-scaled.jpg 1703w\" sizes=\"(max-width: 681px) 100vw, 681px\" \/><\/figure><\/li><li class=\"blocks-gallery-item\"><figure><img loading=\"lazy\" decoding=\"async\" width=\"681\" height=\"1024\" src=\"http:\/\/www.fisiveneto.com\/wp-content\/uploads\/2019\/02\/PODIO-RAGAZZE-681x1024.jpg\" alt=\"\" data-id=\"4658\" data-link=\"http:\/\/www.fisiveneto.com\/2019\/02\/24\/slalom-e-ma-pri-ce-a-san-vito-druscie-precede-cortina\/podio-ragazze\/\" class=\"wp-image-4658\" srcset=\"https:\/\/comitati.fisi.org\/veneto\/wp-content\/uploads\/sites\/39\/2019\/02\/PODIO-RAGAZZE-681x1024.jpg 681w, https:\/\/comitati.fisi.org\/veneto\/wp-content\/uploads\/sites\/39\/2019\/02\/PODIO-RAGAZZE-200x300.jpg 200w, https:\/\/comitati.fisi.org\/veneto\/wp-content\/uploads\/sites\/39\/2019\/02\/PODIO-RAGAZZE-768x1154.jpg 768w, https:\/\/comitati.fisi.org\/veneto\/wp-content\/uploads\/sites\/39\/2019\/02\/PODIO-RAGAZZE-1022x1536.jpg 1022w, https:\/\/comitati.fisi.org\/veneto\/wp-content\/uploads\/sites\/39\/2019\/02\/PODIO-RAGAZZE-1363x2048.jpg 1363w, https:\/\/comitati.fisi.org\/veneto\/wp-content\/uploads\/sites\/39\/2019\/02\/PODIO-RAGAZZE-scaled.jpg 1703w\" sizes=\"(max-width: 681px) 100vw, 681px\" \/><\/figure><\/li><li class=\"blocks-gallery-item\"><figure><img loading=\"lazy\" decoding=\"async\" width=\"681\" height=\"1024\" src=\"http:\/\/www.fisiveneto.com\/wp-content\/uploads\/2019\/02\/PODIO-RAGAZZI-681x1024.jpg\" alt=\"\" data-id=\"4659\" data-link=\"http:\/\/www.fisiveneto.com\/2019\/02\/24\/slalom-e-ma-pri-ce-a-san-vito-druscie-precede-cortina\/podio-ragazzi\/\" class=\"wp-image-4659\" srcset=\"https:\/\/comitati.fisi.org\/veneto\/wp-content\/uploads\/sites\/39\/2019\/02\/PODIO-RAGAZZI-681x1024.jpg 681w, https:\/\/comitati.fisi.org\/veneto\/wp-content\/uploads\/sites\/39\/2019\/02\/PODIO-RAGAZZI-200x300.jpg 200w, https:\/\/comitati.fisi.org\/veneto\/wp-content\/uploads\/sites\/39\/2019\/02\/PODIO-RAGAZZI-768x1154.jpg 768w, https:\/\/comitati.fisi.org\/veneto\/wp-content\/uploads\/sites\/39\/2019\/02\/PODIO-RAGAZZI-1022x1536.jpg 1022w, https:\/\/comitati.fisi.org\/veneto\/wp-content\/uploads\/sites\/39\/2019\/02\/PODIO-RAGAZZI-1363x2048.jpg 1363w, https:\/\/comitati.fisi.org\/veneto\/wp-content\/uploads\/sites\/39\/2019\/02\/PODIO-RAGAZZI-scaled.jpg 1703w\" sizes=\"(max-width: 681px) 100vw, 681px\" \/><\/figure><\/li><li class=\"blocks-gallery-item\"><figure><img loading=\"lazy\" decoding=\"async\" width=\"681\" height=\"1024\" src=\"http:\/\/www.fisiveneto.com\/wp-content\/uploads\/2019\/02\/PODIO-SOCIETA-681x1024.jpg\" alt=\"\" data-id=\"4660\" data-link=\"http:\/\/www.fisiveneto.com\/2019\/02\/24\/slalom-e-ma-pri-ce-a-san-vito-druscie-precede-cortina\/podio-societa\/\" class=\"wp-image-4660\" srcset=\"https:\/\/comitati.fisi.org\/veneto\/wp-content\/uploads\/sites\/39\/2019\/02\/PODIO-SOCIETA-681x1024.jpg 681w, https:\/\/comitati.fisi.org\/veneto\/wp-content\/uploads\/sites\/39\/2019\/02\/PODIO-SOCIETA-200x300.jpg 200w, https:\/\/comitati.fisi.org\/veneto\/wp-content\/uploads\/sites\/39\/2019\/02\/PODIO-SOCIETA-768x1154.jpg 768w, https:\/\/comitati.fisi.org\/veneto\/wp-content\/uploads\/sites\/39\/2019\/02\/PODIO-SOCIETA-1022x1536.jpg 1022w, https:\/\/comitati.fisi.org\/veneto\/wp-content\/uploads\/sites\/39\/2019\/02\/PODIO-SOCIETA-1363x2048.jpg 1363w, https:\/\/comitati.fisi.org\/veneto\/wp-content\/uploads\/sites\/39\/2019\/02\/PODIO-SOCIETA-scaled.jpg 1703w\" sizes=\"(max-width: 681px) 100vw, 681px\" \/><\/figure><\/li><\/ul>\n","protected":false},"excerpt":{"rendered":"<p>Drusci\u00e8 davanti a Sci club Cortina nello slalom del Grand Prix E.Ma.Pri.Ce. della Belluno Alta, andato in scena oggi a San Vito per l&#8217;organizzazione dello Sci club Dolomiti Cadore. Il sodalizio del presidente Flavio Alberti ha totalizzato 812 punti contro i 777 del Cortina. A completare il podio lo Sci club 18, con 377 punti. A seguire, nell&#8217;ordine, Ski team&hellip;<\/p>\n","protected":false},"author":4,"featured_media":4653,"comment_status":"closed","ping_status":"open","sticky":false,"template":"","format":"standard","meta":{"_acf_changed":false,"footnotes":""},"categories":[1],"tags":[],"acf":[],"_links":{"self":[{"href":"https:\/\/comitati.fisi.org\/veneto\/wp-json\/wp\/v2\/posts\/4650"}],"collection":[{"href":"https:\/\/comitati.fisi.org\/veneto\/wp-json\/wp\/v2\/posts"}],"about":[{"href":"https:\/\/comitati.fisi.org\/veneto\/wp-json\/wp\/v2\/types\/post"}],"author":[{"embeddable":true,"href":"https:\/\/comitati.fisi.org\/veneto\/wp-json\/wp\/v2\/users\/4"}],"replies":[{"embeddable":true,"href":"https:\/\/comitati.fisi.org\/veneto\/wp-json\/wp\/v2\/comments?post=4650"}],"version-history":[{"count":0,"href":"https:\/\/comitati.fisi.org\/veneto\/wp-json\/wp\/v2\/posts\/4650\/revisions"}],"wp:featuredmedia":[{"embeddable":true,"href":"https:\/\/comitati.fisi.org\/veneto\/wp-json\/wp\/v2\/media\/4653"}],"wp:attachment":[{"href":"https:\/\/comitati.fisi.org\/veneto\/wp-json\/wp\/v2\/media?parent=4650"}],"wp:term":[{"taxonomy":"category","embeddable":true,"href":"https:\/\/comitati.fisi.org\/veneto\/wp-json\/wp\/v2\/categories?post=4650"},{"taxonomy":"post_tag","embeddable":true,"href":"https:\/\/comitati.fisi.org\/veneto\/wp-json\/wp\/v2\/tags?post=4650"}],"curies":[{"name":"wp","href":"https:\/\/api.w.org\/{rel}","templated":true}]}}