{"id":4591,"date":"2019-02-23T18:21:43","date_gmt":"2019-02-23T18:21:43","guid":{"rendered":"http:\/\/www.fisiveneto.com\/?p=4591"},"modified":"2019-02-23T18:21:43","modified_gmt":"2019-02-23T18:21:43","slug":"mondiali-juniores-domani-di-nuovo-in-gara-sofia-pizzato","status":"publish","type":"post","link":"https:\/\/comitati.fisi.org\/veneto\/blog\/2019\/02\/23\/mondiali-juniores-domani-di-nuovo-in-gara-sofia-pizzato\/","title":{"rendered":"Mondiali Juniores, domani di nuovo in  gara Sofia Pizzato"},"content":{"rendered":"\n<p>SuperG e Combinata Alpina femminile: saranno due i titoli in palio domani nella domenica dei Campionati Mondiali Juniores della Val di Fassa, che ospiter\u00e0 dunque all\u2019interno della combinata il recupero della gara non disputata venerd\u00ec per via del vento.<br>Lo start del superG con duplice valenza \u00e8 previsto per le 10 sulla pista La Volata ed il quadro delle atlete che potrebbero ambire a vittoria e miglior tempo comprende la svizzera Stephanie Jenal, bronzo l\u2019anno passato a Davos, spalleggiata dalle connazionali Juliana Suter, Camille Rast e Nicole Good, le due austriache Julia Scheib, campionessa mondiale juniores di gigante nel 2018, e Nadine Fest, le statunitensi AJ Hurt e Nellie Rosie Talbot, con tutta la curiosit\u00e0 del caso ad accompagnare la prestazione della giovane neozelandese Alice Robinson, grande protagonista del gigante inaugurale della rassegna iridata.<br>Per alcune di loro, nel pomeriggio potrebbero anche aprirsi le porte per una seconda medaglia di giornata, con la manche di slalom sulla Aloch di Pozza di Fassa prevista per le 14, che completer\u00e0 il quadro della combinata. L\u2019intero podio di Davos 2018 non sar\u00e0 in gara, per scelta (Danioth e Hrovat, oro e argento dodici mesi fa) o per sopraggiunti limiti di et\u00e0 (Gritsch, bronzo a Davos) e la corsa alle medaglie, oltre alle gi\u00e0 citate Fest, Rast e Good, potrebbe coinvolgere la svedese Ida Dannewitz, le norvegesi Marte Berg Edseth e Kaya Norbye e la tedesca Katrin Hirtl-Stangassinger.<br>L\u2019Italia si presenter\u00e0 al cancelletto con la ventenne valdostana Giulia Albano (cinque volte nella top 30 in Coppa Europa in stagione), la figlia d\u2019arte Teresa Runggaldier (8\u00aa nella discesa iridata junior nel 2018 a Davos), la piemontese Carlotta Saracco (15\u00aa in gigante marted\u00ec e quattro volte a punti in Coppa Europa nell\u2019inverno in corso) e la classe 1998 Sofia Pizzato, che punta a riscattare l\u2019uscita di pista in slalom gigante.&nbsp;<\/p>\n\n\n\n<h2 class=\"wp-block-heading\"><strong>L&#8217;Arcivescovo di Trento Lauro Tisi ai Mondiali Juniores<\/strong><\/h2>\n\n\n\n<p>Domenicai sera (24 febbraio), i Campionati Mondiali Juniores della Val di Fassa riceveranno la visita dell\u2019Arcivescovo di Trento, monsignor Lauro Tisi, che condurr\u00e0 alle 20:30 nella chiesa parrocchiale di Maria Ausiliatrice di Pozza di Fassa una preghiera ecumenica rivolta a tutte le comunit\u00e0 e le nazioni presenti in Val di Fassa per la rassegna iridata; parteciper\u00e0 alla cerimonia anche don Daniele Laghi, in rappresentanza del Comitato Trentino del CONI.<\/p>\n\n\n\n<h2 class=\"wp-block-heading\"><strong>Con l&#8217;acquisto della mascotte Neif si sostiene la Fondazione Meyer&nbsp;<\/strong><\/h2>\n\n\n\n<p>A Moena, in piazza di Sotegrava, tutti i giorni, con orario 16-19 \u00e8 aperto al pubblico il Villaggio Neif. Sei casette in legno dove alcuni partner dei Campionati Mondiali Val di Fassa 2019 presentano le proprie peculiariet\u00e0, ovvero Nordica, Dolomiti Energia, Caseificio Moena, Caseificio Val di Fassa, Sadesign Merchandising e Fondazione Ospedale Pediatrico Meyer. Fra le tante opportunit\u00e0, grazie alla vendita della mascotte Neif, parte del ricavato verr\u00e0 devoluto proprio all&#8217;importante realt\u00e0 toscana che \u00e8 una delle pi\u00f9 antiche istituzioni dedicate all&#8217;infanzia. Le sue finalit\u00e0 sono il ricovero, la cura e il benessere dei bambini, ma soprattutto la ricerca scientifica. Acquistando la mascotte Neif si aiutano i bambini bisognosi.<\/p>\n","protected":false},"excerpt":{"rendered":"<p>SuperG e Combinata Alpina femminile: saranno due i titoli in palio domani nella domenica dei Campionati Mondiali Juniores della Val di Fassa, che ospiter\u00e0 dunque all\u2019interno della combinata il recupero della gara non disputata venerd\u00ec per via del vento.Lo start del superG con duplice valenza \u00e8 previsto per le 10 sulla pista La Volata ed il quadro delle atlete che&hellip;<\/p>\n","protected":false},"author":4,"featured_media":4422,"comment_status":"closed","ping_status":"open","sticky":false,"template":"","format":"standard","meta":{"_acf_changed":false,"footnotes":""},"categories":[1],"tags":[],"acf":[],"_links":{"self":[{"href":"https:\/\/comitati.fisi.org\/veneto\/wp-json\/wp\/v2\/posts\/4591"}],"collection":[{"href":"https:\/\/comitati.fisi.org\/veneto\/wp-json\/wp\/v2\/posts"}],"about":[{"href":"https:\/\/comitati.fisi.org\/veneto\/wp-json\/wp\/v2\/types\/post"}],"author":[{"embeddable":true,"href":"https:\/\/comitati.fisi.org\/veneto\/wp-json\/wp\/v2\/users\/4"}],"replies":[{"embeddable":true,"href":"https:\/\/comitati.fisi.org\/veneto\/wp-json\/wp\/v2\/comments?post=4591"}],"version-history":[{"count":0,"href":"https:\/\/comitati.fisi.org\/veneto\/wp-json\/wp\/v2\/posts\/4591\/revisions"}],"wp:featuredmedia":[{"embeddable":true,"href":"https:\/\/comitati.fisi.org\/veneto\/wp-json\/wp\/v2\/media\/4422"}],"wp:attachment":[{"href":"https:\/\/comitati.fisi.org\/veneto\/wp-json\/wp\/v2\/media?parent=4591"}],"wp:term":[{"taxonomy":"category","embeddable":true,"href":"https:\/\/comitati.fisi.org\/veneto\/wp-json\/wp\/v2\/categories?post=4591"},{"taxonomy":"post_tag","embeddable":true,"href":"https:\/\/comitati.fisi.org\/veneto\/wp-json\/wp\/v2\/tags?post=4591"}],"curies":[{"name":"wp","href":"https:\/\/api.w.org\/{rel}","templated":true}]}}